{"help": "https://test-data.gov.hr/ckan/api/3/action/help_show?name=datastore_search", "success": true, "result": {"include_total": true, "limit": 100, "records_format": "objects", "resource_id": "5edb0b67-16e9-4216-acaf-727b0f044038", "total_estimation_threshold": null, "records": [{"_id":1,"Ime županije":"Republika Hrvatska","Grad ili općina":"","Ime grada/općine":" ","Ukupno":4284889,"Ukupno, %":100,"Hrvati":3874321,"Hrvati, %":90.4200000000000017053025658242404460906982421875,"Albanci":"17513.0","Albanci, %":"0.41","Austrijanci":"297.0","Austrijanci, %":"0.01","Bošnjaci":"31479.0","Bošnjaci, %":"0.73","Bugari":"350.0","Bugari, %":"0.01","Crnogorci":"4517.0","Crnogorci, %":"0.11","Česi":"9641.0","Česi, %":"0.22","Mađari":"14048.0","Mađari, %":"0.33","Makedonci":"4138.0","Makedonci, %":"0.1","Nijemci":"2965.0","Nijemci, %":"0.07","Poljaci":"672.0","Poljaci, %":"0.02","Romi":"16975.0","Romi, %":"0.4","Rumunji":"435.0","Rumunji, %":"0.01","Rusi":"1279.0","Rusi, %":"0.03","Rusini":"1936.0","Rusini, %":"0.05","Slovaci":"4753.0","Slovaci, %":"0.11","Slovenci":"10517.0","Slovenci, %":"0.25","Srbi":"186633.0","Srbi, %":"4.36","Talijani":"17807.0","Talijani, %":"0.42","Turci":"367.0","Turci, %":"0.01","Ukrajinci":"1878.0","Ukrajinci, %":"0.04","Vlasi":"29.0","Vlasi, %":"0.0","Židovi":"509.0","Židovi, %":"0.01","Ostali":"8052.0","Ostali, %":"0.19","Regionalna pripadnost":"27225.0","Regionalna pripadnost, %":"0.64","Izjasnili se u smislu vjerske pripadnosti":"10182.0","Izjasnili se u smislu vjerske pripadnosti, %":"0.24","Neraspoređeno":"731.0","Neraspoređeno, %":"0.02","Ne izjašnjavaju se":"26763.0","Ne izjašnjavaju se, %":"0.62","Nepoznato":"8877.0","Nepoznato, %":"0.21"},{"_id":2,"Ime županije":"Zagrebačka","Grad ili općina":"","Ime grada/općine":" ","Ukupno":317606,"Ukupno, %":100,"Hrvati":308244,"Hrvati, %":97.0499999999999971578290569595992565155029296875,"Albanci":"921.0","Albanci, %":"0.29","Austrijanci":"11.0","Austrijanci, %":"0.0","Bošnjaci":"1428.0","Bošnjaci, %":"0.45","Bugari":"16.0","Bugari, %":"0.01","Crnogorci":"130.0","Crnogorci, %":"0.04","Česi":"244.0","Česi, %":"0.08","Mađari":"173.0","Mađari, %":"0.05","Makedonci":"213.0","Makedonci, %":"0.07","Nijemci":"109.0","Nijemci, %":"0.03","Poljaci":"33.0","Poljaci, %":"0.01","Romi":"258.0","Romi, %":"0.08","Rumunji":"26.0","Rumunji, %":"0.01","Rusi":"86.0","Rusi, %":"0.03","Rusini":"25.0","Rusini, %":"0.01","Slovaci":"66.0","Slovaci, %":"0.02","Slovenci":"527.0","Slovenci, %":"0.17","Srbi":"2718.0","Srbi, %":"0.86","Talijani":"57.0","Talijani, %":"0.02","Turci":"10.0","Turci, %":"0.0","Ukrajinci":"70.0","Ukrajinci, %":"0.02","Vlasi":"-","Vlasi, %":"-","Židovi":"10.0","Židovi, %":"0.0","Ostali":"398.0","Ostali, %":"0.13","Regionalna pripadnost":"27.0","Regionalna pripadnost, %":"0.01","Izjasnili se u smislu vjerske pripadnosti":"455.0","Izjasnili se u smislu vjerske pripadnosti, %":"0.14","Neraspoređeno":"22.0","Neraspoređeno, %":"0.01","Ne izjašnjavaju se":"766.0","Ne izjašnjavaju se, %":"0.24","Nepoznato":"563.0","Nepoznato, %":"0.18"},{"_id":3,"Ime županije":"Zagrebačka","Grad ili općina":"Grad","Ime grada/općine":"Dugo Selo","Ukupno":17466,"Ukupno, %":100,"Hrvati":16873,"Hrvati, %":96.599999999999994315658113919198513031005859375,"Albanci":"119.0","Albanci, %":"0.68","Austrijanci":"-","Austrijanci, %":"-","Bošnjaci":"53.0","Bošnjaci, %":"0.3","Bugari":"2.0","Bugari, %":"0.01","Crnogorci":"6.0","Crnogorci, %":"0.03","Česi":"15.0","Česi, %":"0.09","Mađari":"12.0","Mađari, %":"0.07","Makedonci":"18.0","Makedonci, %":"0.1","Nijemci":"-","Nijemci, %":"-","Poljaci":"3.0","Poljaci, %":"0.02","Romi":"34.0","Romi, %":"0.19","Rumunji":"2.0","Rumunji, %":"0.01","Rusi":"4.0","Rusi, %":"0.02","Rusini":"3.0","Rusini, %":"0.02","Slovaci":"7.0","Slovaci, %":"0.04","Slovenci":"15.0","Slovenci, %":"0.09","Srbi":"177.0","Srbi, %":"1.01","Talijani":"9.0","Talijani, %":"0.05","Turci":"-","Turci, %":"-","Ukrajinci":"7.0","Ukrajinci, %":"0.04","Vlasi":"-","Vlasi, %":"-","Židovi":"-","Židovi, %":"-","Ostali":"10.0","Ostali, %":"0.06","Regionalna pripadnost":"-","Regionalna pripadnost, %":"-","Izjasnili se u smislu vjerske pripadnosti":"25.0","Izjasnili se u smislu vjerske pripadnosti, %":"0.14","Neraspoređeno":"4.0","Neraspoređeno, %":"0.02","Ne izjašnjavaju se":"49.0","Ne izjašnjavaju se, %":"0.28","Nepoznato":"19.0","Nepoznato, %":"0.11"},{"_id":4,"Ime županije":"Zagrebačka","Grad ili općina":"Grad","Ime grada/općine":"Ivanić-Grad","Ukupno":14548,"Ukupno, %":100,"Hrvati":14085,"Hrvati, %":96.81999999999999317878973670303821563720703125,"Albanci":"129.0","Albanci, %":"0.89","Austrijanci":"-","Austrijanci, %":"-","Bošnjaci":"35.0","Bošnjaci, %":"0.24","Bugari":"-","Bugari, %":"-","Crnogorci":"5.0","Crnogorci, %":"0.03","Česi":"17.0","Česi, %":"0.12","Mađari":"5.0","Mađari, %":"0.03","Makedonci":"18.0","Makedonci, %":"0.12","Nijemci":"6.0","Nijemci, %":"0.04","Poljaci":"-","Poljaci, %":"-","Romi":"19.0","Romi, %":"0.13","Rumunji":"1.0","Rumunji, %":"0.01","Rusi":"-","Rusi, %":"-","Rusini":"1.0","Rusini, %":"0.01","Slovaci":"1.0","Slovaci, %":"0.01","Slovenci":"10.0","Slovenci, %":"0.07","Srbi":"114.0","Srbi, %":"0.78","Talijani":"3.0","Talijani, %":"0.02","Turci":"-","Turci, %":"-","Ukrajinci":"4.0","Ukrajinci, %":"0.03","Vlasi":"-","Vlasi, %":"-","Židovi":"-","Židovi, %":"-","Ostali":"11.0","Ostali, %":"0.08","Regionalna pripadnost":"2.0","Regionalna pripadnost, %":"0.01","Izjasnili se u smislu vjerske pripadnosti":"30.0","Izjasnili se u smislu vjerske pripadnosti, %":"0.21","Neraspoređeno":"1.0","Neraspoređeno, %":"0.01","Ne izjašnjavaju se":"33.0","Ne izjašnjavaju se, %":"0.23","Nepoznato":"18.0","Nepoznato, %":"0.12"},{"_id":5,"Ime županije":"Zagrebačka","Grad ili općina":"Grad","Ime grada/općine":"Jastrebarsko","Ukupno":15866,"Ukupno, %":100,"Hrvati":15543,"Hrvati, %":97.9599999999999937472239253111183643341064453125,"Albanci":"26.0","Albanci, %":"0.16","Austrijanci":"-","Austrijanci, %":"-","Bošnjaci":"36.0","Bošnjaci, %":"0.23","Bugari":"2.0","Bugari, %":"0.01","Crnogorci":"7.0","Crnogorci, %":"0.04","Česi":"3.0","Česi, %":"0.02","Mađari":"4.0","Mađari, %":"0.03","Makedonci":"13.0","Makedonci, %":"0.08","Nijemci":"7.0","Nijemci, %":"0.04","Poljaci":"-","Poljaci, %":"-","Romi":"-","Romi, %":"-","Rumunji":"4.0","Rumunji, %":"0.03","Rusi":"2.0","Rusi, %":"0.01","Rusini":"-","Rusini, %":"-","Slovaci":"3.0","Slovaci, %":"0.02","Slovenci":"14.0","Slovenci, %":"0.09","Srbi":"86.0","Srbi, %":"0.54","Talijani":"-","Talijani, %":"-","Turci":"-","Turci, %":"-","Ukrajinci":"2.0","Ukrajinci, %":"0.01","Vlasi":"-","Vlasi, %":"-","Židovi":"-","Židovi, %":"-","Ostali":"21.0","Ostali, %":"0.13","Regionalna pripadnost":"-","Regionalna pripadnost, %":"-","Izjasnili se u smislu vjerske pripadnosti":"5.0","Izjasnili se u smislu vjerske pripadnosti, %":"0.03","Neraspoređeno":"-","Neraspoređeno, %":"-","Ne izjašnjavaju se":"40.0","Ne izjašnjavaju se, %":"0.25","Nepoznato":"48.0","Nepoznato, %":"0.3"},{"_id":6,"Ime županije":"Zagrebačka","Grad ili općina":"Grad","Ime grada/općine":"Samobor","Ukupno":37633,"Ukupno, %":100,"Hrvati":36634,"Hrvati, %":97.349999999999994315658113919198513031005859375,"Albanci":"83.0","Albanci, %":"0.22","Austrijanci":"3.0","Austrijanci, %":"0.01","Bošnjaci":"92.0","Bošnjaci, %":"0.24","Bugari":"3.0","Bugari, %":"0.01","Crnogorci":"22.0","Crnogorci, %":"0.06","Česi":"18.0","Česi, %":"0.05","Mađari":"20.0","Mađari, %":"0.05","Makedonci":"26.0","Makedonci, %":"0.07","Nijemci":"20.0","Nijemci, %":"0.05","Poljaci":"3.0","Poljaci, %":"0.01","Romi":"5.0","Romi, %":"0.01","Rumunji":"-","Rumunji, %":"-","Rusi":"7.0","Rusi, %":"0.02","Rusini":"9.0","Rusini, %":"0.02","Slovaci":"4.0","Slovaci, %":"0.01","Slovenci":"159.0","Slovenci, %":"0.42","Srbi":"262.0","Srbi, %":"0.7","Talijani":"11.0","Talijani, %":"0.03","Turci":"4.0","Turci, %":"0.01","Ukrajinci":"5.0","Ukrajinci, %":"0.01","Vlasi":"-","Vlasi, %":"-","Židovi":"4.0","Židovi, %":"0.01","Ostali":"50.0","Ostali, %":"0.13","Regionalna pripadnost":"4.0","Regionalna pripadnost, %":"0.01","Izjasnili se u smislu vjerske pripadnosti":"49.0","Izjasnili se u smislu vjerske pripadnosti, %":"0.13","Neraspoređeno":"2.0","Neraspoređeno, %":"0.01","Ne izjašnjavaju se":"106.0","Ne izjašnjavaju se, %":"0.28","Nepoznato":"28.0","Nepoznato, %":"0.07"},{"_id":7,"Ime županije":"Zagrebačka","Grad ili općina":"Grad","Ime grada/općine":"Sveta Nedelja","Ukupno":18059,"Ukupno, %":100,"Hrvati":17604,"Hrvati, %":97.4800000000000039790393202565610408782958984375,"Albanci":"19.0","Albanci, %":"0.11","Austrijanci":"3.0","Austrijanci, %":"0.02","Bošnjaci":"116.0","Bošnjaci, %":"0.64","Bugari":"2.0","Bugari, %":"0.01","Crnogorci":"6.0","Crnogorci, %":"0.03","Česi":"4.0","Česi, %":"0.02","Mađari":"16.0","Mađari, %":"0.09","Makedonci":"9.0","Makedonci, %":"0.05","Nijemci":"9.0","Nijemci, %":"0.05","Poljaci":"2.0","Poljaci, %":"0.01","Romi":"-","Romi, %":"-","Rumunji":"-","Rumunji, %":"-","Rusi":"7.0","Rusi, %":"0.04","Rusini":"-","Rusini, %":"-","Slovaci":"3.0","Slovaci, %":"0.02","Slovenci":"38.0","Slovenci, %":"0.21","Srbi":"88.0","Srbi, %":"0.49","Talijani":"3.0","Talijani, %":"0.02","Turci":"4.0","Turci, %":"0.02","Ukrajinci":"1.0","Ukrajinci, %":"0.01","Vlasi":"-","Vlasi, %":"-","Židovi":"-","Židovi, %":"-","Ostali":"37.0","Ostali, %":"0.2","Regionalna pripadnost":"1.0","Regionalna pripadnost, %":"0.01","Izjasnili se u smislu vjerske pripadnosti":"35.0","Izjasnili se u smislu vjerske pripadnosti, %":"0.19","Neraspoređeno":"1.0","Neraspoređeno, %":"0.01","Ne izjašnjavaju se":"34.0","Ne izjašnjavaju se, %":"0.19","Nepoznato":"17.0","Nepoznato, %":"0.09"},{"_id":8,"Ime županije":"Zagrebačka","Grad ili općina":"Grad","Ime grada/općine":"Sveti Ivan Zelina","Ukupno":15959,"Ukupno, %":100,"Hrvati":15705,"Hrvati, %":98.409999999999996589394868351519107818603515625,"Albanci":"47.0","Albanci, %":"0.29","Austrijanci":"1.0","Austrijanci, %":"0.01","Bošnjaci":"38.0","Bošnjaci, %":"0.24","Bugari":"-","Bugari, %":"-","Crnogorci":"7.0","Crnogorci, %":"0.04","Česi":"11.0","Česi, %":"0.07","Mađari":"3.0","Mađari, %":"0.02","Makedonci":"7.0","Makedonci, %":"0.04","Nijemci":"10.0","Nijemci, %":"0.06","Poljaci":"2.0","Poljaci, %":"0.01","Romi":"-","Romi, %":"-","Rumunji":"2.0","Rumunji, %":"0.01","Rusi":"7.0","Rusi, %":"0.04","Rusini":"-","Rusini, %":"-","Slovaci":"3.0","Slovaci, %":"0.02","Slovenci":"3.0","Slovenci, %":"0.02","Srbi":"53.0","Srbi, %":"0.33","Talijani":"1.0","Talijani, %":"0.01","Turci":"-","Turci, %":"-","Ukrajinci":"-","Ukrajinci, %":"-","Vlasi":"-","Vlasi, %":"-","Židovi":"-","Židovi, %":"-","Ostali":"5.0","Ostali, %":"0.03","Regionalna pripadnost":"2.0","Regionalna pripadnost, %":"0.01","Izjasnili se u smislu vjerske pripadnosti":"19.0","Izjasnili se u smislu vjerske pripadnosti, %":"0.12","Neraspoređeno":"-","Neraspoređeno, %":"-","Ne izjašnjavaju se":"14.0","Ne izjašnjavaju se, %":"0.09","Nepoznato":"19.0","Nepoznato, %":"0.12"},{"_id":9,"Ime županije":"Zagrebačka","Grad ili općina":"Grad","Ime grada/općine":"Velika Gorica","Ukupno":63517,"Ukupno, %":100,"Hrvati":60860,"Hrvati, %":95.81999999999999317878973670303821563720703125,"Albanci":"226.0","Albanci, %":"0.36","Austrijanci":"2.0","Austrijanci, %":"0.0","Bošnjaci":"488.0","Bošnjaci, %":"0.77","Bugari":"-","Bugari, %":"-","Crnogorci":"44.0","Crnogorci, %":"0.07","Česi":"67.0","Česi, %":"0.11","Mađari":"48.0","Mađari, %":"0.08","Makedonci":"44.0","Makedonci, %":"0.07","Nijemci":"17.0","Nijemci, %":"0.03","Poljaci":"10.0","Poljaci, %":"0.02","Romi":"88.0","Romi, %":"0.14","Rumunji":"6.0","Rumunji, %":"0.01","Rusi":"33.0","Rusi, %":"0.05","Rusini":"5.0","Rusini, %":"0.01","Slovaci":"16.0","Slovaci, %":"0.03","Slovenci":"73.0","Slovenci, %":"0.11","Srbi":"965.0","Srbi, %":"1.52","Talijani":"14.0","Talijani, %":"0.02","Turci":"-","Turci, %":"-","Ukrajinci":"20.0","Ukrajinci, %":"0.03","Vlasi":"-","Vlasi, %":"-","Židovi":"1.0","Židovi, %":"0.0","Ostali":"83.0","Ostali, %":"0.13","Regionalna pripadnost":"13.0","Regionalna pripadnost, %":"0.02","Izjasnili se u smislu vjerske pripadnosti":"116.0","Izjasnili se u smislu vjerske pripadnosti, %":"0.18","Neraspoređeno":"10.0","Neraspoređeno, %":"0.02","Ne izjašnjavaju se":"194.0","Ne izjašnjavaju se, %":"0.31","Nepoznato":"74.0","Nepoznato, %":"0.12"},{"_id":10,"Ime županije":"Zagrebačka","Grad ili općina":"Grad","Ime grada/općine":"Vrbovec","Ukupno":14797,"Ukupno, %":100,"Hrvati":14451,"Hrvati, %":97.659999999999996589394868351519107818603515625,"Albanci":"38.0","Albanci, %":"0.26","Austrijanci":"-","Austrijanci, %":"-","Bošnjaci":"42.0","Bošnjaci, %":"0.28","Bugari":"2.0","Bugari, %":"0.01","Crnogorci":"3.0","Crnogorci, %":"0.02","Česi":"9.0","Česi, %":"0.06","Mađari":"9.0","Mađari, %":"0.06","Makedonci":"5.0","Makedonci, %":"0.03","Nijemci":"-","Nijemci, %":"-","Poljaci":"7.0","Poljaci, %":"0.05","Romi":"39.0","Romi, %":"0.26","Rumunji":"3.0","Rumunji, %":"0.02","Rusi":"4.0","Rusi, %":"0.03","Rusini":"-","Rusini, %":"-","Slovaci":"11.0","Slovaci, %":"0.07","Slovenci":"3.0","Slovenci, %":"0.02","Srbi":"104.0","Srbi, %":"0.7","Talijani":"5.0","Talijani, %":"0.03","Turci":"-","Turci, %":"-","Ukrajinci":"1.0","Ukrajinci, %":"0.01","Vlasi":"-","Vlasi, %":"-","Židovi":"-","Židovi, %":"-","Ostali":"5.0","Ostali, %":"0.03","Regionalna pripadnost":"-","Regionalna pripadnost, %":"-","Izjasnili se u smislu vjerske pripadnosti":"8.0","Izjasnili se u smislu vjerske pripadnosti, %":"0.05","Neraspoređeno":"-","Neraspoređeno, %":"-","Ne izjašnjavaju se":"36.0","Ne izjašnjavaju se, %":"0.24","Nepoznato":"12.0","Nepoznato, %":"0.08"},{"_id":11,"Ime županije":"Zagrebačka","Grad ili općina":"Grad","Ime grada/općine":"Zaprešić","Ukupno":25223,"Ukupno, %":100,"Hrvati":24298,"Hrvati, %":96.3299999999999982946974341757595539093017578125,"Albanci":"61.0","Albanci, %":"0.24","Austrijanci":"-","Austrijanci, %":"-","Bošnjaci":"162.0","Bošnjaci, %":"0.64","Bugari":"4.0","Bugari, %":"0.02","Crnogorci":"11.0","Crnogorci, %":"0.04","Česi":"26.0","Česi, %":"0.1","Mađari":"28.0","Mađari, %":"0.11","Makedonci":"35.0","Makedonci, %":"0.14","Nijemci":"11.0","Nijemci, %":"0.04","Poljaci":"4.0","Poljaci, %":"0.02","Romi":"15.0","Romi, %":"0.06","Rumunji":"2.0","Rumunji, %":"0.01","Rusi":"6.0","Rusi, %":"0.02","Rusini":"5.0","Rusini, %":"0.02","Slovaci":"13.0","Slovaci, %":"0.05","Slovenci":"55.0","Slovenci, %":"0.22","Srbi":"261.0","Srbi, %":"1.03","Talijani":"6.0","Talijani, %":"0.02","Turci":"1.0","Turci, %":"0.0","Ukrajinci":"7.0","Ukrajinci, %":"0.03","Vlasi":"-","Vlasi, %":"-","Židovi":"3.0","Židovi, %":"0.01","Ostali":"50.0","Ostali, %":"0.2","Regionalna pripadnost":"-","Regionalna pripadnost, %":"-","Izjasnili se u smislu vjerske pripadnosti":"31.0","Izjasnili se u smislu vjerske pripadnosti, %":"0.12","Neraspoređeno":"3.0","Neraspoređeno, %":"0.01","Ne izjašnjavaju se":"103.0","Ne izjašnjavaju se, %":"0.41","Nepoznato":"22.0","Nepoznato, %":"0.09"},{"_id":12,"Ime županije":"Zagrebačka","Grad ili općina":"Općina","Ime grada/općine":"Bedenica","Ukupno":1432,"Ukupno, %":100,"Hrvati":1426,"Hrvati, %":99.5799999999999982946974341757595539093017578125,"Albanci":"-","Albanci, %":"-","Austrijanci":"-","Austrijanci, %":"-","Bošnjaci":"-","Bošnjaci, %":"-","Bugari":"-","Bugari, %":"-","Crnogorci":"-","Crnogorci, %":"-","Česi":"-","Česi, %":"-","Mađari":"-","Mađari, %":"-","Makedonci":"1.0","Makedonci, %":"0.07","Nijemci":"-","Nijemci, %":"-","Poljaci":"-","Poljaci, %":"-","Romi":"-","Romi, %":"-","Rumunji":"-","Rumunji, %":"-","Rusi":"1.0","Rusi, %":"0.07","Rusini":"-","Rusini, %":"-","Slovaci":"-","Slovaci, %":"-","Slovenci":"1.0","Slovenci, %":"0.07","Srbi":"1.0","Srbi, %":"0.07","Talijani":"-","Talijani, %":"-","Turci":"-","Turci, %":"-","Ukrajinci":"-","Ukrajinci, %":"-","Vlasi":"-","Vlasi, %":"-","Židovi":"-","Židovi, %":"-","Ostali":"-","Ostali, %":"-","Regionalna pripadnost":"-","Regionalna pripadnost, %":"-","Izjasnili se u smislu vjerske pripadnosti":"1.0","Izjasnili se u smislu vjerske pripadnosti, %":"0.07","Neraspoređeno":"-","Neraspoređeno, %":"-","Ne izjašnjavaju se":"-","Ne izjašnjavaju se, %":"-","Nepoznato":"1.0","Nepoznato, %":"0.07"},{"_id":13,"Ime županije":"Zagrebačka","Grad ili općina":"Općina","Ime grada/općine":"Bistra","Ukupno":6632,"Ukupno, %":100,"Hrvati":6445,"Hrvati, %":97.18000000000000682121026329696178436279296875,"Albanci":"2.0","Albanci, %":"0.03","Austrijanci":"-","Austrijanci, %":"-","Bošnjaci":"14.0","Bošnjaci, %":"0.21","Bugari":"-","Bugari, %":"-","Crnogorci":"3.0","Crnogorci, %":"0.05","Česi":"4.0","Česi, %":"0.06","Mađari":"5.0","Mađari, %":"0.08","Makedonci":"1.0","Makedonci, %":"0.02","Nijemci":"4.0","Nijemci, %":"0.06","Poljaci":"-","Poljaci, %":"-","Romi":"-","Romi, %":"-","Rumunji":"-","Rumunji, %":"-","Rusi":"1.0","Rusi, %":"0.02","Rusini":"-","Rusini, %":"-","Slovaci":"-","Slovaci, %":"-","Slovenci":"4.0","Slovenci, %":"0.06","Srbi":"15.0","Srbi, %":"0.23","Talijani":"1.0","Talijani, %":"0.02","Turci":"-","Turci, %":"-","Ukrajinci":"1.0","Ukrajinci, %":"0.02","Vlasi":"-","Vlasi, %":"-","Židovi":"-","Židovi, %":"-","Ostali":"6.0","Ostali, %":"0.09","Regionalna pripadnost":"-","Regionalna pripadnost, %":"-","Izjasnili se u smislu vjerske pripadnosti":"1.0","Izjasnili se u smislu vjerske pripadnosti, %":"0.02","Neraspoređeno":"-","Neraspoređeno, %":"-","Ne izjašnjavaju se":"5.0","Ne izjašnjavaju se, %":"0.08","Nepoznato":"120.0","Nepoznato, %":"1.81"},{"_id":14,"Ime županije":"Zagrebačka","Grad ili općina":"Općina","Ime grada/općine":"Brckovljani","Ukupno":6837,"Ukupno, %":100,"Hrvati":6737,"Hrvati, %":98.5400000000000062527760746888816356658935546875,"Albanci":"8.0","Albanci, %":"0.12","Austrijanci":"-","Austrijanci, %":"-","Bošnjaci":"5.0","Bošnjaci, %":"0.07","Bugari":"-","Bugari, %":"-","Crnogorci":"1.0","Crnogorci, %":"0.01","Česi":"5.0","Česi, %":"0.07","Mađari":"2.0","Mađari, %":"0.03","Makedonci":"6.0","Makedonci, %":"0.09","Nijemci":"2.0","Nijemci, %":"0.03","Poljaci":"1.0","Poljaci, %":"0.01","Romi":"3.0","Romi, %":"0.04","Rumunji":"1.0","Rumunji, %":"0.01","Rusi":"2.0","Rusi, %":"0.03","Rusini":"-","Rusini, %":"-","Slovaci":"2.0","Slovaci, %":"0.03","Slovenci":"4.0","Slovenci, %":"0.06","Srbi":"38.0","Srbi, %":"0.56","Talijani":"-","Talijani, %":"-","Turci":"-","Turci, %":"-","Ukrajinci":"-","Ukrajinci, %":"-","Vlasi":"-","Vlasi, %":"-","Židovi":"-","Židovi, %":"-","Ostali":"3.0","Ostali, %":"0.04","Regionalna pripadnost":"-","Regionalna pripadnost, %":"-","Izjasnili se u smislu vjerske pripadnosti":"8.0","Izjasnili se u smislu vjerske pripadnosti, %":"0.12","Neraspoređeno":"-","Neraspoređeno, %":"-","Ne izjašnjavaju se":"8.0","Ne izjašnjavaju se, %":"0.12","Nepoznato":"1.0","Nepoznato, %":"0.01"},{"_id":15,"Ime županije":"Zagrebačka","Grad ili općina":"Općina","Ime grada/općine":"Brdovec","Ukupno":11134,"Ukupno, %":100,"Hrvati":10766,"Hrvati, %":96.68999999999999772626324556767940521240234375,"Albanci":"30.0","Albanci, %":"0.27","Austrijanci":"-","Austrijanci, %":"-","Bošnjaci":"77.0","Bošnjaci, %":"0.69","Bugari":"-","Bugari, %":"-","Crnogorci":"1.0","Crnogorci, %":"0.01","Česi":"5.0","Česi, %":"0.04","Mađari":"2.0","Mađari, %":"0.02","Makedonci":"4.0","Makedonci, %":"0.04","Nijemci":"9.0","Nijemci, %":"0.08","Poljaci":"-","Poljaci, %":"-","Romi":"-","Romi, %":"-","Rumunji":"1.0","Rumunji, %":"0.01","Rusi":"1.0","Rusi, %":"0.01","Rusini":"-","Rusini, %":"-","Slovaci":"1.0","Slovaci, %":"0.01","Slovenci":"68.0","Slovenci, %":"0.61","Srbi":"70.0","Srbi, %":"0.63","Talijani":"2.0","Talijani, %":"0.02","Turci":"-","Turci, %":"-","Ukrajinci":"2.0","Ukrajinci, %":"0.02","Vlasi":"-","Vlasi, %":"-","Židovi":"2.0","Židovi, %":"0.02","Ostali":"48.0","Ostali, %":"0.43","Regionalna pripadnost":"-","Regionalna pripadnost, %":"-","Izjasnili se u smislu vjerske pripadnosti":"13.0","Izjasnili se u smislu vjerske pripadnosti, %":"0.12","Neraspoređeno":"-","Neraspoređeno, %":"-","Ne izjašnjavaju se":"24.0","Ne izjašnjavaju se, %":"0.22","Nepoznato":"8.0","Nepoznato, %":"0.07"},{"_id":16,"Ime županije":"Zagrebačka","Grad ili općina":"Općina","Ime grada/općine":"Dubrava","Ukupno":5245,"Ukupno, %":100,"Hrvati":5069,"Hrvati, %":96.6400000000000005684341886080801486968994140625,"Albanci":"24.0","Albanci, %":"0.46","Austrijanci":"-","Austrijanci, %":"-","Bošnjaci":"1.0","Bošnjaci, %":"0.02","Bugari":"-","Bugari, %":"-","Crnogorci":"3.0","Crnogorci, %":"0.06","Česi":"37.0","Česi, %":"0.71","Mađari":"2.0","Mađari, %":"0.04","Makedonci":"3.0","Makedonci, %":"0.06","Nijemci":"1.0","Nijemci, %":"0.02","Poljaci":"-","Poljaci, %":"-","Romi":"1.0","Romi, %":"0.02","Rumunji":"-","Rumunji, %":"-","Rusi":"-","Rusi, %":"-","Rusini":"-","Rusini, %":"-","Slovaci":"-","Slovaci, %":"-","Slovenci":"2.0","Slovenci, %":"0.04","Srbi":"70.0","Srbi, %":"1.33","Talijani":"-","Talijani, %":"-","Turci":"1.0","Turci, %":"0.02","Ukrajinci":"1.0","Ukrajinci, %":"0.02","Vlasi":"-","Vlasi, %":"-","Židovi":"-","Židovi, %":"-","Ostali":"5.0","Ostali, %":"0.1","Regionalna pripadnost":"-","Regionalna pripadnost, %":"-","Izjasnili se u smislu vjerske pripadnosti":"6.0","Izjasnili se u smislu vjerske pripadnosti, %":"0.11","Neraspoređeno":"-","Neraspoređeno, %":"-","Ne izjašnjavaju se":"9.0","Ne izjašnjavaju se, %":"0.17","Nepoznato":"10.0","Nepoznato, %":"0.19"},{"_id":17,"Ime županije":"Zagrebačka","Grad ili općina":"Općina","Ime grada/općine":"Dubravica","Ukupno":1437,"Ukupno, %":100,"Hrvati":1411,"Hrvati, %":98.18999999999999772626324556767940521240234375,"Albanci":"-","Albanci, %":"-","Austrijanci":"-","Austrijanci, %":"-","Bošnjaci":"1.0","Bošnjaci, %":"0.07","Bugari":"-","Bugari, %":"-","Crnogorci":"-","Crnogorci, %":"-","Česi":"-","Česi, %":"-","Mađari":"1.0","Mađari, %":"0.07","Makedonci":"-","Makedonci, %":"-","Nijemci":"-","Nijemci, %":"-","Poljaci":"-","Poljaci, %":"-","Romi":"-","Romi, %":"-","Rumunji":"-","Rumunji, %":"-","Rusi":"-","Rusi, %":"-","Rusini":"-","Rusini, %":"-","Slovaci":"-","Slovaci, %":"-","Slovenci":"13.0","Slovenci, %":"0.9","Srbi":"2.0","Srbi, %":"0.14","Talijani":"-","Talijani, %":"-","Turci":"-","Turci, %":"-","Ukrajinci":"-","Ukrajinci, %":"-","Vlasi":"-","Vlasi, %":"-","Židovi":"-","Židovi, %":"-","Ostali":"-","Ostali, %":"-","Regionalna pripadnost":"-","Regionalna pripadnost, %":"-","Izjasnili se u smislu vjerske pripadnosti":"3.0","Izjasnili se u smislu vjerske pripadnosti, %":"0.21","Neraspoređeno":"-","Neraspoređeno, %":"-","Ne izjašnjavaju se":"5.0","Ne izjašnjavaju se, %":"0.35","Nepoznato":"1.0","Nepoznato, %":"0.07"},{"_id":18,"Ime županije":"Zagrebačka","Grad ili općina":"Općina","Ime grada/općine":"Farkaševac","Ukupno":1937,"Ukupno, %":100,"Hrvati":1801,"Hrvati, %":92.9800000000000039790393202565610408782958984375,"Albanci":"2.0","Albanci, %":"0.1","Austrijanci":"-","Austrijanci, %":"-","Bošnjaci":"4.0","Bošnjaci, %":"0.21","Bugari":"-","Bugari, %":"-","Crnogorci":"1.0","Crnogorci, %":"0.05","Česi":"1.0","Česi, %":"0.05","Mađari":"-","Mađari, %":"-","Makedonci":"-","Makedonci, %":"-","Nijemci":"2.0","Nijemci, %":"0.1","Poljaci":"-","Poljaci, %":"-","Romi":"2.0","Romi, %":"0.1","Rumunji":"-","Rumunji, %":"-","Rusi":"-","Rusi, %":"-","Rusini":"-","Rusini, %":"-","Slovaci":"-","Slovaci, %":"-","Slovenci":"-","Slovenci, %":"-","Srbi":"80.0","Srbi, %":"4.13","Talijani":"-","Talijani, %":"-","Turci":"-","Turci, %":"-","Ukrajinci":"-","Ukrajinci, %":"-","Vlasi":"-","Vlasi, %":"-","Židovi":"-","Židovi, %":"-","Ostali":"1.0","Ostali, %":"0.05","Regionalna pripadnost":"-","Regionalna pripadnost, %":"-","Izjasnili se u smislu vjerske pripadnosti":"-","Izjasnili se u smislu vjerske pripadnosti, %":"-","Neraspoređeno":"-","Neraspoređeno, %":"-","Ne izjašnjavaju se":"6.0","Ne izjašnjavaju se, %":"0.31","Nepoznato":"37.0","Nepoznato, %":"1.91"},{"_id":19,"Ime županije":"Zagrebačka","Grad ili općina":"Općina","Ime grada/općine":"Gradec","Ukupno":3681,"Ukupno, %":100,"Hrvati":3622,"Hrvati, %":98.400000000000005684341886080801486968994140625,"Albanci":"-","Albanci, %":"-","Austrijanci":"-","Austrijanci, %":"-","Bošnjaci":"5.0","Bošnjaci, %":"0.14","Bugari":"-","Bugari, %":"-","Crnogorci":"1.0","Crnogorci, %":"0.03","Česi":"1.0","Česi, %":"0.03","Mađari":"-","Mađari, %":"-","Makedonci":"-","Makedonci, %":"-","Nijemci":"-","Nijemci, %":"-","Poljaci":"-","Poljaci, %":"-","Romi":"-","Romi, %":"-","Rumunji":"-","Rumunji, %":"-","Rusi":"-","Rusi, %":"-","Rusini":"-","Rusini, %":"-","Slovaci":"-","Slovaci, %":"-","Slovenci":"2.0","Slovenci, %":"0.05","Srbi":"29.0","Srbi, %":"0.79","Talijani":"-","Talijani, %":"-","Turci":"-","Turci, %":"-","Ukrajinci":"-","Ukrajinci, %":"-","Vlasi":"-","Vlasi, %":"-","Židovi":"-","Židovi, %":"-","Ostali":"1.0","Ostali, %":"0.03","Regionalna pripadnost":"-","Regionalna pripadnost, %":"-","Izjasnili se u smislu vjerske pripadnosti":"4.0","Izjasnili se u smislu vjerske pripadnosti, %":"0.11","Neraspoređeno":"-","Neraspoređeno, %":"-","Ne izjašnjavaju se":"13.0","Ne izjašnjavaju se, %":"0.35","Nepoznato":"3.0","Nepoznato, %":"0.08"},{"_id":20,"Ime županije":"Zagrebačka","Grad ili općina":"Općina","Ime grada/općine":"Jakovlje","Ukupno":3930,"Ukupno, %":100,"Hrvati":3877,"Hrvati, %":98.650000000000005684341886080801486968994140625,"Albanci":"-","Albanci, %":"-","Austrijanci":"-","Austrijanci, %":"-","Bošnjaci":"9.0","Bošnjaci, %":"0.23","Bugari":"-","Bugari, %":"-","Crnogorci":"-","Crnogorci, %":"-","Česi":"2.0","Česi, %":"0.05","Mađari":"-","Mađari, %":"-","Makedonci":"1.0","Makedonci, %":"0.03","Nijemci":"-","Nijemci, %":"-","Poljaci":"-","Poljaci, %":"-","Romi":"-","Romi, %":"-","Rumunji":"-","Rumunji, %":"-","Rusi":"3.0","Rusi, %":"0.08","Rusini":"-","Rusini, %":"-","Slovaci":"-","Slovaci, %":"-","Slovenci":"3.0","Slovenci, %":"0.08","Srbi":"9.0","Srbi, %":"0.23","Talijani":"1.0","Talijani, %":"0.03","Turci":"-","Turci, %":"-","Ukrajinci":"2.0","Ukrajinci, %":"0.05","Vlasi":"-","Vlasi, %":"-","Židovi":"-","Židovi, %":"-","Ostali":"6.0","Ostali, %":"0.15","Regionalna pripadnost":"1.0","Regionalna pripadnost, %":"0.03","Izjasnili se u smislu vjerske pripadnosti":"2.0","Izjasnili se u smislu vjerske pripadnosti, %":"0.05","Neraspoređeno":"-","Neraspoređeno, %":"-","Ne izjašnjavaju se":"6.0","Ne izjašnjavaju se, %":"0.15","Nepoznato":"8.0","Nepoznato, %":"0.2"},{"_id":21,"Ime županije":"Zagrebačka","Grad ili općina":"Općina","Ime grada/općine":"Klinča Sela","Ukupno":5231,"Ukupno, %":100,"Hrvati":5150,"Hrvati, %":98.4500000000000028421709430404007434844970703125,"Albanci":"1.0","Albanci, %":"0.02","Austrijanci":"1.0","Austrijanci, %":"0.02","Bošnjaci":"6.0","Bošnjaci, %":"0.11","Bugari":"1.0","Bugari, %":"0.02","Crnogorci":"-","Crnogorci, %":"-","Česi":"-","Česi, %":"-","Mađari":"-","Mađari, %":"-","Makedonci":"1.0","Makedonci, %":"0.02","Nijemci":"-","Nijemci, %":"-","Poljaci":"-","Poljaci, %":"-","Romi":"-","Romi, %":"-","Rumunji":"-","Rumunji, %":"-","Rusi":"-","Rusi, %":"-","Rusini":"-","Rusini, %":"-","Slovaci":"-","Slovaci, %":"-","Slovenci":"1.0","Slovenci, %":"0.02","Srbi":"6.0","Srbi, %":"0.11","Talijani":"-","Talijani, %":"-","Turci":"-","Turci, %":"-","Ukrajinci":"-","Ukrajinci, %":"-","Vlasi":"-","Vlasi, %":"-","Židovi":"-","Židovi, %":"-","Ostali":"10.0","Ostali, %":"0.19","Regionalna pripadnost":"-","Regionalna pripadnost, %":"-","Izjasnili se u smislu vjerske pripadnosti":"4.0","Izjasnili se u smislu vjerske pripadnosti, %":"0.08","Neraspoređeno":"-","Neraspoređeno, %":"-","Ne izjašnjavaju se":"7.0","Ne izjašnjavaju se, %":"0.13","Nepoznato":"43.0","Nepoznato, %":"0.82"},{"_id":22,"Ime županije":"Zagrebačka","Grad ili općina":"Općina","Ime grada/općine":"Kloštar Ivanić","Ukupno":6091,"Ukupno, %":100,"Hrvati":5923,"Hrvati, %":97.2399999999999948840923025272786617279052734375,"Albanci":"45.0","Albanci, %":"0.74","Austrijanci":"-","Austrijanci, %":"-","Bošnjaci":"40.0","Bošnjaci, %":"0.66","Bugari":"-","Bugari, %":"-","Crnogorci":"1.0","Crnogorci, %":"0.02","Česi":"3.0","Česi, %":"0.05","Mađari":"7.0","Mađari, %":"0.11","Makedonci":"1.0","Makedonci, %":"0.02","Nijemci":"2.0","Nijemci, %":"0.03","Poljaci":"-","Poljaci, %":"-","Romi":"8.0","Romi, %":"0.13","Rumunji":"-","Rumunji, %":"-","Rusi":"2.0","Rusi, %":"0.03","Rusini":"-","Rusini, %":"-","Slovaci":"-","Slovaci, %":"-","Slovenci":"6.0","Slovenci, %":"0.1","Srbi":"28.0","Srbi, %":"0.46","Talijani":"-","Talijani, %":"-","Turci":"-","Turci, %":"-","Ukrajinci":"4.0","Ukrajinci, %":"0.07","Vlasi":"-","Vlasi, %":"-","Židovi":"-","Židovi, %":"-","Ostali":"1.0","Ostali, %":"0.02","Regionalna pripadnost":"1.0","Regionalna pripadnost, %":"0.02","Izjasnili se u smislu vjerske pripadnosti":"14.0","Izjasnili se u smislu vjerske pripadnosti, %":"0.23","Neraspoređeno":"-","Neraspoređeno, %":"-","Ne izjašnjavaju se":"2.0","Ne izjašnjavaju se, %":"0.03","Nepoznato":"3.0","Nepoznato, %":"0.05"},{"_id":23,"Ime županije":"Zagrebačka","Grad ili općina":"Općina","Ime grada/općine":"Krašić","Ukupno":2640,"Ukupno, %":100,"Hrvati":2625,"Hrvati, %":99.43000000000000682121026329696178436279296875,"Albanci":"-","Albanci, %":"-","Austrijanci":"-","Austrijanci, %":"-","Bošnjaci":"4.0","Bošnjaci, %":"0.15","Bugari":"-","Bugari, %":"-","Crnogorci":"-","Crnogorci, %":"-","Česi":"-","Česi, %":"-","Mađari":"-","Mađari, %":"-","Makedonci":"1.0","Makedonci, %":"0.04","Nijemci":"-","Nijemci, %":"-","Poljaci":"-","Poljaci, %":"-","Romi":"-","Romi, %":"-","Rumunji":"-","Rumunji, %":"-","Rusi":"-","Rusi, %":"-","Rusini":"-","Rusini, %":"-","Slovaci":"-","Slovaci, %":"-","Slovenci":"2.0","Slovenci, %":"0.08","Srbi":"4.0","Srbi, %":"0.15","Talijani":"-","Talijani, %":"-","Turci":"-","Turci, %":"-","Ukrajinci":"-","Ukrajinci, %":"-","Vlasi":"-","Vlasi, %":"-","Židovi":"-","Židovi, %":"-","Ostali":"1.0","Ostali, %":"0.04","Regionalna pripadnost":"-","Regionalna pripadnost, %":"-","Izjasnili se u smislu vjerske pripadnosti":"1.0","Izjasnili se u smislu vjerske pripadnosti, %":"0.04","Neraspoređeno":"-","Neraspoređeno, %":"-","Ne izjašnjavaju se":"-","Ne izjašnjavaju se, %":"-","Nepoznato":"2.0","Nepoznato, %":"0.08"},{"_id":24,"Ime županije":"Zagrebačka","Grad ili općina":"Općina","Ime grada/općine":"Kravarsko","Ukupno":1987,"Ukupno, %":100,"Hrvati":1959,"Hrvati, %":98.590000000000003410605131648480892181396484375,"Albanci":"-","Albanci, %":"-","Austrijanci":"-","Austrijanci, %":"-","Bošnjaci":"1.0","Bošnjaci, %":"0.05","Bugari":"-","Bugari, %":"-","Crnogorci":"1.0","Crnogorci, %":"0.05","Česi":"1.0","Česi, %":"0.05","Mađari":"-","Mađari, %":"-","Makedonci":"2.0","Makedonci, %":"0.1","Nijemci":"-","Nijemci, %":"-","Poljaci":"-","Poljaci, %":"-","Romi":"-","Romi, %":"-","Rumunji":"1.0","Rumunji, %":"0.05","Rusi":"1.0","Rusi, %":"0.05","Rusini":"-","Rusini, %":"-","Slovaci":"-","Slovaci, %":"-","Slovenci":"1.0","Slovenci, %":"0.05","Srbi":"11.0","Srbi, %":"0.55","Talijani":"-","Talijani, %":"-","Turci":"-","Turci, %":"-","Ukrajinci":"-","Ukrajinci, %":"-","Vlasi":"-","Vlasi, %":"-","Židovi":"-","Židovi, %":"-","Ostali":"-","Ostali, %":"-","Regionalna pripadnost":"-","Regionalna pripadnost, %":"-","Izjasnili se u smislu vjerske pripadnosti":"6.0","Izjasnili se u smislu vjerske pripadnosti, %":"0.3","Neraspoređeno":"-","Neraspoređeno, %":"-","Ne izjašnjavaju se":"3.0","Ne izjašnjavaju se, %":"0.15","Nepoznato":"-","Nepoznato, %":"-"},{"_id":25,"Ime županije":"Zagrebačka","Grad ili općina":"Općina","Ime grada/općine":"Križ","Ukupno":6963,"Ukupno, %":100,"Hrvati":6827,"Hrvati, %":98.0499999999999971578290569595992565155029296875,"Albanci":"29.0","Albanci, %":"0.42","Austrijanci":"-","Austrijanci, %":"-","Bošnjaci":"16.0","Bošnjaci, %":"0.23","Bugari":"-","Bugari, %":"-","Crnogorci":"-","Crnogorci, %":"-","Česi":"8.0","Česi, %":"0.11","Mađari":"-","Mađari, %":"-","Makedonci":"1.0","Makedonci, %":"0.01","Nijemci":"1.0","Nijemci, %":"0.01","Poljaci":"-","Poljaci, %":"-","Romi":"-","Romi, %":"-","Rumunji":"-","Rumunji, %":"-","Rusi":"1.0","Rusi, %":"0.01","Rusini":"-","Rusini, %":"-","Slovaci":"1.0","Slovaci, %":"0.01","Slovenci":"-","Slovenci, %":"-","Srbi":"43.0","Srbi, %":"0.62","Talijani":"-","Talijani, %":"-","Turci":"-","Turci, %":"-","Ukrajinci":"5.0","Ukrajinci, %":"0.07","Vlasi":"-","Vlasi, %":"-","Židovi":"-","Židovi, %":"-","Ostali":"7.0","Ostali, %":"0.1","Regionalna pripadnost":"-","Regionalna pripadnost, %":"-","Izjasnili se u smislu vjerske pripadnosti":"11.0","Izjasnili se u smislu vjerske pripadnosti, %":"0.16","Neraspoređeno":"-","Neraspoređeno, %":"-","Ne izjašnjavaju se":"7.0","Ne izjašnjavaju se, %":"0.1","Nepoznato":"6.0","Nepoznato, %":"0.09"},{"_id":26,"Ime županije":"Zagrebačka","Grad ili općina":"Općina","Ime grada/općine":"Luka","Ukupno":1351,"Ukupno, %":100,"Hrvati":1338,"Hrvati, %":99.0400000000000062527760746888816356658935546875,"Albanci":"-","Albanci, %":"-","Austrijanci":"-","Austrijanci, %":"-","Bošnjaci":"6.0","Bošnjaci, %":"0.44","Bugari":"-","Bugari, %":"-","Crnogorci":"-","Crnogorci, %":"-","Česi":"-","Česi, %":"-","Mađari":"-","Mađari, %":"-","Makedonci":"-","Makedonci, %":"-","Nijemci":"-","Nijemci, %":"-","Poljaci":"1.0","Poljaci, %":"0.07","Romi":"-","Romi, %":"-","Rumunji":"-","Rumunji, %":"-","Rusi":"-","Rusi, %":"-","Rusini":"-","Rusini, %":"-","Slovaci":"-","Slovaci, %":"-","Slovenci":"-","Slovenci, %":"-","Srbi":"3.0","Srbi, %":"0.22","Talijani":"-","Talijani, %":"-","Turci":"-","Turci, %":"-","Ukrajinci":"2.0","Ukrajinci, %":"0.15","Vlasi":"-","Vlasi, %":"-","Židovi":"-","Židovi, %":"-","Ostali":"-","Ostali, %":"-","Regionalna pripadnost":"-","Regionalna pripadnost, %":"-","Izjasnili se u smislu vjerske pripadnosti":"-","Izjasnili se u smislu vjerske pripadnosti, %":"-","Neraspoređeno":"-","Neraspoređeno, %":"-","Ne izjašnjavaju se":"-","Ne izjašnjavaju se, %":"-","Nepoznato":"1.0","Nepoznato, %":"0.07"},{"_id":27,"Ime županije":"Zagrebačka","Grad ili općina":"Općina","Ime grada/općine":"Marija Gorica","Ukupno":2233,"Ukupno, %":100,"Hrvati":2153,"Hrvati, %":96.4200000000000017053025658242404460906982421875,"Albanci":"-","Albanci, %":"-","Austrijanci":"1.0","Austrijanci, %":"0.04","Bošnjaci":"6.0","Bošnjaci, %":"0.27","Bugari":"-","Bugari, %":"-","Crnogorci":"1.0","Crnogorci, %":"0.04","Česi":"1.0","Česi, %":"0.04","Mađari":"-","Mađari, %":"-","Makedonci":"-","Makedonci, %":"-","Nijemci":"3.0","Nijemci, %":"0.13","Poljaci":"-","Poljaci, %":"-","Romi":"-","Romi, %":"-","Rumunji":"-","Rumunji, %":"-","Rusi":"2.0","Rusi, %":"0.09","Rusini":"-","Rusini, %":"-","Slovaci":"-","Slovaci, %":"-","Slovenci":"29.0","Slovenci, %":"1.3","Srbi":"15.0","Srbi, %":"0.67","Talijani":"1.0","Talijani, %":"0.04","Turci":"-","Turci, %":"-","Ukrajinci":"1.0","Ukrajinci, %":"0.04","Vlasi":"-","Vlasi, %":"-","Židovi":"-","Židovi, %":"-","Ostali":"3.0","Ostali, %":"0.13","Regionalna pripadnost":"1.0","Regionalna pripadnost, %":"0.04","Izjasnili se u smislu vjerske pripadnosti":"6.0","Izjasnili se u smislu vjerske pripadnosti, %":"0.27","Neraspoređeno":"-","Neraspoređeno, %":"-","Ne izjašnjavaju se":"7.0","Ne izjašnjavaju se, %":"0.31","Nepoznato":"3.0","Nepoznato, %":"0.13"},{"_id":28,"Ime županije":"Zagrebačka","Grad ili općina":"Općina","Ime grada/općine":"Orle","Ukupno":1975,"Ukupno, %":100,"Hrvati":1907,"Hrvati, %":96.56000000000000227373675443232059478759765625,"Albanci":"1.0","Albanci, %":"0.05","Austrijanci":"-","Austrijanci, %":"-","Bošnjaci":"16.0","Bošnjaci, %":"0.81","Bugari":"-","Bugari, %":"-","Crnogorci":"-","Crnogorci, %":"-","Česi":"-","Česi, %":"-","Mađari":"1.0","Mađari, %":"0.05","Makedonci":"-","Makedonci, %":"-","Nijemci":"-","Nijemci, %":"-","Poljaci":"-","Poljaci, %":"-","Romi":"1.0","Romi, %":"0.05","Rumunji":"1.0","Rumunji, %":"0.05","Rusi":"-","Rusi, %":"-","Rusini":"-","Rusini, %":"-","Slovaci":"1.0","Slovaci, %":"0.05","Slovenci":"-","Slovenci, %":"-","Srbi":"25.0","Srbi, %":"1.27","Talijani":"-","Talijani, %":"-","Turci":"-","Turci, %":"-","Ukrajinci":"1.0","Ukrajinci, %":"0.05","Vlasi":"-","Vlasi, %":"-","Židovi":"-","Židovi, %":"-","Ostali":"1.0","Ostali, %":"0.05","Regionalna pripadnost":"-","Regionalna pripadnost, %":"-","Izjasnili se u smislu vjerske pripadnosti":"4.0","Izjasnili se u smislu vjerske pripadnosti, %":"0.2","Neraspoređeno":"-","Neraspoređeno, %":"-","Ne izjašnjavaju se":"4.0","Ne izjašnjavaju se, %":"0.2","Nepoznato":"12.0","Nepoznato, %":"0.61"},{"_id":29,"Ime županije":"Zagrebačka","Grad ili općina":"Općina","Ime grada/općine":"Pisarovina","Ukupno":3689,"Ukupno, %":100,"Hrvati":3650,"Hrvati, %":98.93999999999999772626324556767940521240234375,"Albanci":"-","Albanci, %":"-","Austrijanci":"-","Austrijanci, %":"-","Bošnjaci":"5.0","Bošnjaci, %":"0.14","Bugari":"-","Bugari, %":"-","Crnogorci":"-","Crnogorci, %":"-","Česi":"2.0","Česi, %":"0.05","Mađari":"-","Mađari, %":"-","Makedonci":"1.0","Makedonci, %":"0.03","Nijemci":"-","Nijemci, %":"-","Poljaci":"-","Poljaci, %":"-","Romi":"-","Romi, %":"-","Rumunji":"-","Rumunji, %":"-","Rusi":"-","Rusi, %":"-","Rusini":"-","Rusini, %":"-","Slovaci":"-","Slovaci, %":"-","Slovenci":"3.0","Slovenci, %":"0.08","Srbi":"15.0","Srbi, %":"0.41","Talijani":"-","Talijani, %":"-","Turci":"-","Turci, %":"-","Ukrajinci":"1.0","Ukrajinci, %":"0.03","Vlasi":"-","Vlasi, %":"-","Židovi":"-","Židovi, %":"-","Ostali":"1.0","Ostali, %":"0.03","Regionalna pripadnost":"-","Regionalna pripadnost, %":"-","Izjasnili se u smislu vjerske pripadnosti":"-","Izjasnili se u smislu vjerske pripadnosti, %":"-","Neraspoređeno":"-","Neraspoređeno, %":"-","Ne izjašnjavaju se":"4.0","Ne izjašnjavaju se, %":"0.11","Nepoznato":"7.0","Nepoznato, %":"0.19"},{"_id":30,"Ime županije":"Zagrebačka","Grad ili općina":"Općina","Ime grada/općine":"Pokupsko","Ukupno":2224,"Ukupno, %":100,"Hrvati":2209,"Hrvati, %":99.3299999999999982946974341757595539093017578125,"Albanci":"-","Albanci, %":"-","Austrijanci":"-","Austrijanci, %":"-","Bošnjaci":"3.0","Bošnjaci, %":"0.13","Bugari":"-","Bugari, %":"-","Crnogorci":"-","Crnogorci, %":"-","Česi":"-","Česi, %":"-","Mađari":"-","Mađari, %":"-","Makedonci":"1.0","Makedonci, %":"0.04","Nijemci":"-","Nijemci, %":"-","Poljaci":"-","Poljaci, %":"-","Romi":"-","Romi, %":"-","Rumunji":"-","Rumunji, %":"-","Rusi":"-","Rusi, %":"-","Rusini":"-","Rusini, %":"-","Slovaci":"-","Slovaci, %":"-","Slovenci":"-","Slovenci, %":"-","Srbi":"5.0","Srbi, %":"0.22","Talijani":"-","Talijani, %":"-","Turci":"-","Turci, %":"-","Ukrajinci":"-","Ukrajinci, %":"-","Vlasi":"-","Vlasi, %":"-","Židovi":"-","Židovi, %":"-","Ostali":"2.0","Ostali, %":"0.09","Regionalna pripadnost":"-","Regionalna pripadnost, %":"-","Izjasnili se u smislu vjerske pripadnosti":"1.0","Izjasnili se u smislu vjerske pripadnosti, %":"0.04","Neraspoređeno":"-","Neraspoređeno, %":"-","Ne izjašnjavaju se":"2.0","Ne izjašnjavaju se, %":"0.09","Nepoznato":"1.0","Nepoznato, %":"0.04"},{"_id":31,"Ime županije":"Zagrebačka","Grad ili općina":"Općina","Ime grada/općine":"Preseka","Ukupno":1448,"Ukupno, %":100,"Hrvati":1437,"Hrvati, %":99.2399999999999948840923025272786617279052734375,"Albanci":"1.0","Albanci, %":"0.07","Austrijanci":"-","Austrijanci, %":"-","Bošnjaci":"-","Bošnjaci, %":"-","Bugari":"-","Bugari, %":"-","Crnogorci":"1.0","Crnogorci, %":"0.07","Česi":"-","Česi, %":"-","Mađari":"-","Mađari, %":"-","Makedonci":"-","Makedonci, %":"-","Nijemci":"-","Nijemci, %":"-","Poljaci":"-","Poljaci, %":"-","Romi":"-","Romi, %":"-","Rumunji":"2.0","Rumunji, %":"0.14","Rusi":"-","Rusi, %":"-","Rusini":"-","Rusini, %":"-","Slovaci":"-","Slovaci, %":"-","Slovenci":"-","Slovenci, %":"-","Srbi":"3.0","Srbi, %":"0.21","Talijani":"-","Talijani, %":"-","Turci":"-","Turci, %":"-","Ukrajinci":"-","Ukrajinci, %":"-","Vlasi":"-","Vlasi, %":"-","Židovi":"-","Židovi, %":"-","Ostali":"3.0","Ostali, %":"0.21","Regionalna pripadnost":"-","Regionalna pripadnost, %":"-","Izjasnili se u smislu vjerske pripadnosti":"-","Izjasnili se u smislu vjerske pripadnosti, %":"-","Neraspoređeno":"-","Neraspoređeno, %":"-","Ne izjašnjavaju se":"-","Ne izjašnjavaju se, %":"-","Nepoznato":"1.0","Nepoznato, %":"0.07"},{"_id":32,"Ime županije":"Zagrebačka","Grad ili općina":"Općina","Ime grada/općine":"Pušća","Ukupno":2700,"Ukupno, %":100,"Hrvati":2618,"Hrvati, %":96.9599999999999937472239253111183643341064453125,"Albanci":"11.0","Albanci, %":"0.41","Austrijanci":"-","Austrijanci, %":"-","Bošnjaci":"17.0","Bošnjaci, %":"0.63","Bugari":"-","Bugari, %":"-","Crnogorci":"3.0","Crnogorci, %":"0.11","Česi":"1.0","Česi, %":"0.04","Mađari":"2.0","Mađari, %":"0.07","Makedonci":"1.0","Makedonci, %":"0.04","Nijemci":"2.0","Nijemci, %":"0.07","Poljaci":"-","Poljaci, %":"-","Romi":"6.0","Romi, %":"0.22","Rumunji":"-","Rumunji, %":"-","Rusi":"-","Rusi, %":"-","Rusini":"1.0","Rusini, %":"0.04","Slovaci":"-","Slovaci, %":"-","Slovenci":"8.0","Slovenci, %":"0.3","Srbi":"13.0","Srbi, %":"0.48","Talijani":"-","Talijani, %":"-","Turci":"-","Turci, %":"-","Ukrajinci":"2.0","Ukrajinci, %":"0.07","Vlasi":"-","Vlasi, %":"-","Židovi":"-","Židovi, %":"-","Ostali":"6.0","Ostali, %":"0.22","Regionalna pripadnost":"1.0","Regionalna pripadnost, %":"0.04","Izjasnili se u smislu vjerske pripadnosti":"1.0","Izjasnili se u smislu vjerske pripadnosti, %":"0.04","Neraspoređeno":"1.0","Neraspoređeno, %":"0.04","Ne izjašnjavaju se":"3.0","Ne izjašnjavaju se, %":"0.11","Nepoznato":"3.0","Nepoznato, %":"0.11"},{"_id":33,"Ime županije":"Zagrebačka","Grad ili općina":"Općina","Ime grada/općine":"Rakovec","Ukupno":1252,"Ukupno, %":100,"Hrvati":1225,"Hrvati, %":97.840000000000003410605131648480892181396484375,"Albanci":"-","Albanci, %":"-","Austrijanci":"-","Austrijanci, %":"-","Bošnjaci":"1.0","Bošnjaci, %":"0.08","Bugari":"-","Bugari, %":"-","Crnogorci":"-","Crnogorci, %":"-","Česi":"1.0","Česi, %":"0.08","Mađari":"-","Mađari, %":"-","Makedonci":"-","Makedonci, %":"-","Nijemci":"1.0","Nijemci, %":"0.08","Poljaci":"-","Poljaci, %":"-","Romi":"-","Romi, %":"-","Rumunji":"-","Rumunji, %":"-","Rusi":"1.0","Rusi, %":"0.08","Rusini":"-","Rusini, %":"-","Slovaci":"-","Slovaci, %":"-","Slovenci":"1.0","Slovenci, %":"0.08","Srbi":"18.0","Srbi, %":"1.44","Talijani":"-","Talijani, %":"-","Turci":"-","Turci, %":"-","Ukrajinci":"-","Ukrajinci, %":"-","Vlasi":"-","Vlasi, %":"-","Židovi":"-","Židovi, %":"-","Ostali":"-","Ostali, %":"-","Regionalna pripadnost":"-","Regionalna pripadnost, %":"-","Izjasnili se u smislu vjerske pripadnosti":"1.0","Izjasnili se u smislu vjerske pripadnosti, %":"0.08","Neraspoređeno":"-","Neraspoređeno, %":"-","Ne izjašnjavaju se":"2.0","Ne izjašnjavaju se, %":"0.16","Nepoznato":"1.0","Nepoznato, %":"0.08"},{"_id":34,"Ime županije":"Zagrebačka","Grad ili općina":"Općina","Ime grada/općine":"Rugvica","Ukupno":7871,"Ukupno, %":100,"Hrvati":7582,"Hrvati, %":96.3299999999999982946974341757595539093017578125,"Albanci":"3.0","Albanci, %":"0.04","Austrijanci":"-","Austrijanci, %":"-","Bošnjaci":"48.0","Bošnjaci, %":"0.61","Bugari":"-","Bugari, %":"-","Crnogorci":"1.0","Crnogorci, %":"0.01","Česi":"-","Česi, %":"-","Mađari":"3.0","Mađari, %":"0.04","Makedonci":"10.0","Makedonci, %":"0.13","Nijemci":"1.0","Nijemci, %":"0.01","Poljaci":"-","Poljaci, %":"-","Romi":"37.0","Romi, %":"0.47","Rumunji":"-","Rumunji, %":"-","Rusi":"-","Rusi, %":"-","Rusini":"-","Rusini, %":"-","Slovaci":"-","Slovaci, %":"-","Slovenci":"6.0","Slovenci, %":"0.08","Srbi":"68.0","Srbi, %":"0.86","Talijani":"-","Talijani, %":"-","Turci":"-","Turci, %":"-","Ukrajinci":"-","Ukrajinci, %":"-","Vlasi":"-","Vlasi, %":"-","Židovi":"-","Židovi, %":"-","Ostali":"14.0","Ostali, %":"0.18","Regionalna pripadnost":"1.0","Regionalna pripadnost, %":"0.01","Izjasnili se u smislu vjerske pripadnosti":"46.0","Izjasnili se u smislu vjerske pripadnosti, %":"0.58","Neraspoređeno":"-","Neraspoređeno, %":"-","Ne izjašnjavaju se":"32.0","Ne izjašnjavaju se, %":"0.41","Nepoznato":"19.0","Nepoznato, %":"0.24"},{"_id":35,"Ime županije":"Zagrebačka","Grad ili općina":"Općina","Ime grada/općine":"Stupnik","Ukupno":3735,"Ukupno, %":100,"Hrvati":3566,"Hrvati, %":95.4800000000000039790393202565610408782958984375,"Albanci":"16.0","Albanci, %":"0.43","Austrijanci":"-","Austrijanci, %":"-","Bošnjaci":"80.0","Bošnjaci, %":"2.14","Bugari":"-","Bugari, %":"-","Crnogorci":"-","Crnogorci, %":"-","Česi":"1.0","Česi, %":"0.03","Mađari":"3.0","Mađari, %":"0.08","Makedonci":"3.0","Makedonci, %":"0.08","Nijemci":"1.0","Nijemci, %":"0.03","Poljaci":"-","Poljaci, %":"-","Romi":"-","Romi, %":"-","Rumunji":"-","Rumunji, %":"-","Rusi":"1.0","Rusi, %":"0.03","Rusini":"-","Rusini, %":"-","Slovaci":"-","Slovaci, %":"-","Slovenci":"2.0","Slovenci, %":"0.05","Srbi":"32.0","Srbi, %":"0.86","Talijani":"-","Talijani, %":"-","Turci":"-","Turci, %":"-","Ukrajinci":"-","Ukrajinci, %":"-","Vlasi":"-","Vlasi, %":"-","Židovi":"-","Židovi, %":"-","Ostali":"7.0","Ostali, %":"0.19","Regionalna pripadnost":"-","Regionalna pripadnost, %":"-","Izjasnili se u smislu vjerske pripadnosti":"3.0","Izjasnili se u smislu vjerske pripadnosti, %":"0.08","Neraspoređeno":"-","Neraspoređeno, %":"-","Ne izjašnjavaju se":"6.0","Ne izjašnjavaju se, %":"0.16","Nepoznato":"14.0","Nepoznato, %":"0.37"},{"_id":36,"Ime županije":"Zagrebačka","Grad ili općina":"Općina","Ime grada/općine":"Žumberak","Ukupno":883,"Ukupno, %":100,"Hrvati":868,"Hrvati, %":98.2999999999999971578290569595992565155029296875,"Albanci":"-","Albanci, %":"-","Austrijanci":"-","Austrijanci, %":"-","Bošnjaci":"1.0","Bošnjaci, %":"0.11","Bugari":"-","Bugari, %":"-","Crnogorci":"1.0","Crnogorci, %":"0.11","Česi":"1.0","Česi, %":"0.11","Mađari":"-","Mađari, %":"-","Makedonci":"-","Makedonci, %":"-","Nijemci":"-","Nijemci, %":"-","Poljaci":"-","Poljaci, %":"-","Romi":"-","Romi, %":"-","Rumunji":"-","Rumunji, %":"-","Rusi":"-","Rusi, %":"-","Rusini":"1.0","Rusini, %":"0.11","Slovaci":"-","Slovaci, %":"-","Slovenci":"1.0","Slovenci, %":"0.11","Srbi":"5.0","Srbi, %":"0.57","Talijani":"-","Talijani, %":"-","Turci":"-","Turci, %":"-","Ukrajinci":"1.0","Ukrajinci, %":"0.11","Vlasi":"-","Vlasi, %":"-","Židovi":"-","Židovi, %":"-","Ostali":"-","Ostali, %":"-","Regionalna pripadnost":"-","Regionalna pripadnost, %":"-","Izjasnili se u smislu vjerske pripadnosti":"1.0","Izjasnili se u smislu vjerske pripadnosti, %":"0.11","Neraspoređeno":"-","Neraspoređeno, %":"-","Ne izjašnjavaju se":"2.0","Ne izjašnjavaju se, %":"0.23","Nepoznato":"1.0","Nepoznato, %":"0.11"},{"_id":37,"Ime županije":"Krapinsko-zagorska","Grad ili općina":"","Ime grada/općine":" ","Ukupno":132892,"Ukupno, %":100,"Hrvati":131352,"Hrvati, %":98.840000000000003410605131648480892181396484375,"Albanci":"132.0","Albanci, %":"0.1","Austrijanci":"3.0","Austrijanci, %":"0.0","Bošnjaci":"72.0","Bošnjaci, %":"0.05","Bugari":"1.0","Bugari, %":"0.0","Crnogorci":"10.0","Crnogorci, %":"0.01","Česi":"15.0","Česi, %":"0.01","Mađari":"16.0","Mađari, %":"0.01","Makedonci":"48.0","Makedonci, %":"0.04","Nijemci":"48.0","Nijemci, %":"0.04","Poljaci":"7.0","Poljaci, %":"0.01","Romi":"3.0","Romi, %":"0.0","Rumunji":"12.0","Rumunji, %":"0.01","Rusi":"32.0","Rusi, %":"0.02","Rusini":"4.0","Rusini, %":"0.0","Slovaci":"13.0","Slovaci, %":"0.01","Slovenci":"408.0","Slovenci, %":"0.31","Srbi":"217.0","Srbi, %":"0.16","Talijani":"10.0","Talijani, %":"0.01","Turci":"1.0","Turci, %":"0.0","Ukrajinci":"13.0","Ukrajinci, %":"0.01","Vlasi":"-","Vlasi, %":"-","Židovi":"-","Židovi, %":"-","Ostali":"81.0","Ostali, %":"0.06","Regionalna pripadnost":"37.0","Regionalna pripadnost, %":"0.03","Izjasnili se u smislu vjerske pripadnosti":"28.0","Izjasnili se u smislu vjerske pripadnosti, %":"0.02","Neraspoređeno":"2.0","Neraspoređeno, %":"0.0","Ne izjašnjavaju se":"108.0","Ne izjašnjavaju se, %":"0.08","Nepoznato":"219.0","Nepoznato, %":"0.16"},{"_id":38,"Ime županije":"Krapinsko-zagorska","Grad ili općina":"Grad","Ime grada/općine":"Donja Stubica","Ukupno":5680,"Ukupno, %":100,"Hrvati":5591,"Hrvati, %":98.43000000000000682121026329696178436279296875,"Albanci":"16.0","Albanci, %":"0.28","Austrijanci":"1.0","Austrijanci, %":"0.02","Bošnjaci":"1.0","Bošnjaci, %":"0.02","Bugari":"-","Bugari, %":"-","Crnogorci":"1.0","Crnogorci, %":"0.02","Česi":"2.0","Česi, %":"0.04","Mađari":"-","Mađari, %":"-","Makedonci":"1.0","Makedonci, %":"0.02","Nijemci":"2.0","Nijemci, %":"0.04","Poljaci":"-","Poljaci, %":"-","Romi":"-","Romi, %":"-","Rumunji":"-","Rumunji, %":"-","Rusi":"1.0","Rusi, %":"0.02","Rusini":"-","Rusini, %":"-","Slovaci":"3.0","Slovaci, %":"0.05","Slovenci":"5.0","Slovenci, %":"0.09","Srbi":"10.0","Srbi, %":"0.18","Talijani":"-","Talijani, %":"-","Turci":"-","Turci, %":"-","Ukrajinci":"2.0","Ukrajinci, %":"0.04","Vlasi":"-","Vlasi, %":"-","Židovi":"-","Židovi, %":"-","Ostali":"4.0","Ostali, %":"0.07","Regionalna pripadnost":"-","Regionalna pripadnost, %":"-","Izjasnili se u smislu vjerske pripadnosti":"2.0","Izjasnili se u smislu vjerske pripadnosti, %":"0.04","Neraspoređeno":"-","Neraspoređeno, %":"-","Ne izjašnjavaju se":"13.0","Ne izjašnjavaju se, %":"0.23","Nepoznato":"25.0","Nepoznato, %":"0.44"},{"_id":39,"Ime županije":"Krapinsko-zagorska","Grad ili općina":"Grad","Ime grada/općine":"Klanjec","Ukupno":2915,"Ukupno, %":100,"Hrvati":2879,"Hrvati, %":98.7699999999999960209606797434389591217041015625,"Albanci":"-","Albanci, %":"-","Austrijanci":"-","Austrijanci, %":"-","Bošnjaci":"1.0","Bošnjaci, %":"0.03","Bugari":"-","Bugari, %":"-","Crnogorci":"1.0","Crnogorci, %":"0.03","Česi":"1.0","Česi, %":"0.03","Mađari":"1.0","Mađari, %":"0.03","Makedonci":"-","Makedonci, %":"-","Nijemci":"3.0","Nijemci, %":"0.1","Poljaci":"-","Poljaci, %":"-","Romi":"-","Romi, %":"-","Rumunji":"-","Rumunji, %":"-","Rusi":"-","Rusi, %":"-","Rusini":"-","Rusini, %":"-","Slovaci":"-","Slovaci, %":"-","Slovenci":"17.0","Slovenci, %":"0.58","Srbi":"3.0","Srbi, %":"0.1","Talijani":"-","Talijani, %":"-","Turci":"-","Turci, %":"-","Ukrajinci":"-","Ukrajinci, %":"-","Vlasi":"-","Vlasi, %":"-","Židovi":"-","Židovi, %":"-","Ostali":"-","Ostali, %":"-","Regionalna pripadnost":"-","Regionalna pripadnost, %":"-","Izjasnili se u smislu vjerske pripadnosti":"-","Izjasnili se u smislu vjerske pripadnosti, %":"-","Neraspoređeno":"-","Neraspoređeno, %":"-","Ne izjašnjavaju se":"6.0","Ne izjašnjavaju se, %":"0.21","Nepoznato":"3.0","Nepoznato, %":"0.1"},{"_id":40,"Ime županije":"Krapinsko-zagorska","Grad ili općina":"Grad","Ime grada/općine":"Krapina","Ukupno":12480,"Ukupno, %":100,"Hrvati":12354,"Hrvati, %":98.9899999999999948840923025272786617279052734375,"Albanci":"27.0","Albanci, %":"0.22","Austrijanci":"-","Austrijanci, %":"-","Bošnjaci":"2.0","Bošnjaci, %":"0.02","Bugari":"-","Bugari, %":"-","Crnogorci":"3.0","Crnogorci, %":"0.02","Česi":"1.0","Česi, %":"0.01","Mađari":"-","Mađari, %":"-","Makedonci":"4.0","Makedonci, %":"0.03","Nijemci":"1.0","Nijemci, %":"0.01","Poljaci":"1.0","Poljaci, %":"0.01","Romi":"-","Romi, %":"-","Rumunji":"-","Rumunji, %":"-","Rusi":"4.0","Rusi, %":"0.03","Rusini":"1.0","Rusini, %":"0.01","Slovaci":"2.0","Slovaci, %":"0.02","Slovenci":"19.0","Slovenci, %":"0.15","Srbi":"25.0","Srbi, %":"0.2","Talijani":"-","Talijani, %":"-","Turci":"-","Turci, %":"-","Ukrajinci":"1.0","Ukrajinci, %":"0.01","Vlasi":"-","Vlasi, %":"-","Židovi":"-","Židovi, %":"-","Ostali":"9.0","Ostali, %":"0.07","Regionalna pripadnost":"-","Regionalna pripadnost, %":"-","Izjasnili se u smislu vjerske pripadnosti":"7.0","Izjasnili se u smislu vjerske pripadnosti, %":"0.06","Neraspoređeno":"-","Neraspoređeno, %":"-","Ne izjašnjavaju se":"5.0","Ne izjašnjavaju se, %":"0.04","Nepoznato":"14.0","Nepoznato, %":"0.11"},{"_id":41,"Ime županije":"Krapinsko-zagorska","Grad ili općina":"Grad","Ime grada/općine":"Oroslavje","Ukupno":6138,"Ukupno, %":100,"Hrvati":6074,"Hrvati, %":98.9599999999999937472239253111183643341064453125,"Albanci":"9.0","Albanci, %":"0.15","Austrijanci":"-","Austrijanci, %":"-","Bošnjaci":"5.0","Bošnjaci, %":"0.08","Bugari":"-","Bugari, %":"-","Crnogorci":"-","Crnogorci, %":"-","Česi":"-","Česi, %":"-","Mađari":"1.0","Mađari, %":"0.02","Makedonci":"1.0","Makedonci, %":"0.02","Nijemci":"3.0","Nijemci, %":"0.05","Poljaci":"-","Poljaci, %":"-","Romi":"-","Romi, %":"-","Rumunji":"1.0","Rumunji, %":"0.02","Rusi":"-","Rusi, %":"-","Rusini":"-","Rusini, %":"-","Slovaci":"2.0","Slovaci, %":"0.03","Slovenci":"7.0","Slovenci, %":"0.11","Srbi":"22.0","Srbi, %":"0.36","Talijani":"-","Talijani, %":"-","Turci":"-","Turci, %":"-","Ukrajinci":"-","Ukrajinci, %":"-","Vlasi":"-","Vlasi, %":"-","Židovi":"-","Židovi, %":"-","Ostali":"4.0","Ostali, %":"0.07","Regionalna pripadnost":"-","Regionalna pripadnost, %":"-","Izjasnili se u smislu vjerske pripadnosti":"-","Izjasnili se u smislu vjerske pripadnosti, %":"-","Neraspoređeno":"-","Neraspoređeno, %":"-","Ne izjašnjavaju se":"3.0","Ne izjašnjavaju se, %":"0.05","Nepoznato":"6.0","Nepoznato, %":"0.1"},{"_id":42,"Ime županije":"Krapinsko-zagorska","Grad ili općina":"Grad","Ime grada/općine":"Pregrada","Ukupno":6594,"Ukupno, %":100,"Hrvati":6543,"Hrvati, %":99.2300000000000039790393202565610408782958984375,"Albanci":"8.0","Albanci, %":"0.12","Austrijanci":"-","Austrijanci, %":"-","Bošnjaci":"4.0","Bošnjaci, %":"0.06","Bugari":"-","Bugari, %":"-","Crnogorci":"-","Crnogorci, %":"-","Česi":"-","Česi, %":"-","Mađari":"-","Mađari, %":"-","Makedonci":"2.0","Makedonci, %":"0.03","Nijemci":"1.0","Nijemci, %":"0.02","Poljaci":"-","Poljaci, %":"-","Romi":"-","Romi, %":"-","Rumunji":"-","Rumunji, %":"-","Rusi":"-","Rusi, %":"-","Rusini":"-","Rusini, %":"-","Slovaci":"-","Slovaci, %":"-","Slovenci":"10.0","Slovenci, %":"0.15","Srbi":"4.0","Srbi, %":"0.06","Talijani":"-","Talijani, %":"-","Turci":"-","Turci, %":"-","Ukrajinci":"1.0","Ukrajinci, %":"0.02","Vlasi":"-","Vlasi, %":"-","Židovi":"-","Židovi, %":"-","Ostali":"4.0","Ostali, %":"0.06","Regionalna pripadnost":"9.0","Regionalna pripadnost, %":"0.14","Izjasnili se u smislu vjerske pripadnosti":"1.0","Izjasnili se u smislu vjerske pripadnosti, %":"0.02","Neraspoređeno":"-","Neraspoređeno, %":"-","Ne izjašnjavaju se":"1.0","Ne izjašnjavaju se, %":"0.02","Nepoznato":"6.0","Nepoznato, %":"0.09"},{"_id":43,"Ime županije":"Krapinsko-zagorska","Grad ili općina":"Grad","Ime grada/općine":"Zabok","Ukupno":8994,"Ukupno, %":100,"Hrvati":8840,"Hrvati, %":98.2900000000000062527760746888816356658935546875,"Albanci":"19.0","Albanci, %":"0.21","Austrijanci":"-","Austrijanci, %":"-","Bošnjaci":"26.0","Bošnjaci, %":"0.29","Bugari":"-","Bugari, %":"-","Crnogorci":"3.0","Crnogorci, %":"0.03","Česi":"1.0","Česi, %":"0.01","Mađari":"1.0","Mađari, %":"0.01","Makedonci":"8.0","Makedonci, %":"0.09","Nijemci":"2.0","Nijemci, %":"0.02","Poljaci":"-","Poljaci, %":"-","Romi":"-","Romi, %":"-","Rumunji":"-","Rumunji, %":"-","Rusi":"-","Rusi, %":"-","Rusini":"2.0","Rusini, %":"0.02","Slovaci":"-","Slovaci, %":"-","Slovenci":"11.0","Slovenci, %":"0.12","Srbi":"32.0","Srbi, %":"0.36","Talijani":"1.0","Talijani, %":"0.01","Turci":"-","Turci, %":"-","Ukrajinci":"-","Ukrajinci, %":"-","Vlasi":"-","Vlasi, %":"-","Židovi":"-","Židovi, %":"-","Ostali":"9.0","Ostali, %":"0.1","Regionalna pripadnost":"11.0","Regionalna pripadnost, %":"0.12","Izjasnili se u smislu vjerske pripadnosti":"4.0","Izjasnili se u smislu vjerske pripadnosti, %":"0.04","Neraspoređeno":"-","Neraspoređeno, %":"-","Ne izjašnjavaju se":"17.0","Ne izjašnjavaju se, %":"0.19","Nepoznato":"7.0","Nepoznato, %":"0.08"},{"_id":44,"Ime županije":"Krapinsko-zagorska","Grad ili općina":"Grad","Ime grada/općine":"Zlatar","Ukupno":6096,"Ukupno, %":100,"Hrvati":6043,"Hrvati, %":99.1299999999999954525264911353588104248046875,"Albanci":"16.0","Albanci, %":"0.26","Austrijanci":"1.0","Austrijanci, %":"0.02","Bošnjaci":"1.0","Bošnjaci, %":"0.02","Bugari":"-","Bugari, %":"-","Crnogorci":"-","Crnogorci, %":"-","Česi":"-","Česi, %":"-","Mađari":"1.0","Mađari, %":"0.02","Makedonci":"6.0","Makedonci, %":"0.1","Nijemci":"4.0","Nijemci, %":"0.07","Poljaci":"-","Poljaci, %":"-","Romi":"-","Romi, %":"-","Rumunji":"1.0","Rumunji, %":"0.02","Rusi":"3.0","Rusi, %":"0.05","Rusini":"-","Rusini, %":"-","Slovaci":"-","Slovaci, %":"-","Slovenci":"1.0","Slovenci, %":"0.02","Srbi":"5.0","Srbi, %":"0.08","Talijani":"2.0","Talijani, %":"0.03","Turci":"-","Turci, %":"-","Ukrajinci":"-","Ukrajinci, %":"-","Vlasi":"-","Vlasi, %":"-","Židovi":"-","Židovi, %":"-","Ostali":"3.0","Ostali, %":"0.05","Regionalna pripadnost":"-","Regionalna pripadnost, %":"-","Izjasnili se u smislu vjerske pripadnosti":"3.0","Izjasnili se u smislu vjerske pripadnosti, %":"0.05","Neraspoređeno":"-","Neraspoređeno, %":"-","Ne izjašnjavaju se":"-","Ne izjašnjavaju se, %":"-","Nepoznato":"6.0","Nepoznato, %":"0.1"},{"_id":45,"Ime županije":"Krapinsko-zagorska","Grad ili općina":"Općina","Ime grada/općine":"Bedekovčina","Ukupno":8041,"Ukupno, %":100,"Hrvati":7986,"Hrvati, %":99.31999999999999317878973670303821563720703125,"Albanci":"11.0","Albanci, %":"0.14","Austrijanci":"-","Austrijanci, %":"-","Bošnjaci":"6.0","Bošnjaci, %":"0.07","Bugari":"-","Bugari, %":"-","Crnogorci":"-","Crnogorci, %":"-","Česi":"3.0","Česi, %":"0.04","Mađari":"1.0","Mađari, %":"0.01","Makedonci":"1.0","Makedonci, %":"0.01","Nijemci":"4.0","Nijemci, %":"0.05","Poljaci":"-","Poljaci, %":"-","Romi":"-","Romi, %":"-","Rumunji":"-","Rumunji, %":"-","Rusi":"3.0","Rusi, %":"0.04","Rusini":"-","Rusini, %":"-","Slovaci":"-","Slovaci, %":"-","Slovenci":"1.0","Slovenci, %":"0.01","Srbi":"4.0","Srbi, %":"0.05","Talijani":"1.0","Talijani, %":"0.01","Turci":"-","Turci, %":"-","Ukrajinci":"1.0","Ukrajinci, %":"0.01","Vlasi":"-","Vlasi, %":"-","Židovi":"-","Židovi, %":"-","Ostali":"8.0","Ostali, %":"0.1","Regionalna pripadnost":"-","Regionalna pripadnost, %":"-","Izjasnili se u smislu vjerske pripadnosti":"1.0","Izjasnili se u smislu vjerske pripadnosti, %":"0.01","Neraspoređeno":"-","Neraspoređeno, %":"-","Ne izjašnjavaju se":"-","Ne izjašnjavaju se, %":"-","Nepoznato":"10.0","Nepoznato, %":"0.12"},{"_id":46,"Ime županije":"Krapinsko-zagorska","Grad ili općina":"Općina","Ime grada/općine":"Budinščina","Ukupno":2503,"Ukupno, %":100,"Hrvati":2444,"Hrvati, %":97.6400000000000005684341886080801486968994140625,"Albanci":"1.0","Albanci, %":"0.04","Austrijanci":"-","Austrijanci, %":"-","Bošnjaci":"-","Bošnjaci, %":"-","Bugari":"-","Bugari, %":"-","Crnogorci":"-","Crnogorci, %":"-","Česi":"-","Česi, %":"-","Mađari":"-","Mađari, %":"-","Makedonci":"-","Makedonci, %":"-","Nijemci":"-","Nijemci, %":"-","Poljaci":"-","Poljaci, %":"-","Romi":"-","Romi, %":"-","Rumunji":"-","Rumunji, %":"-","Rusi":"-","Rusi, %":"-","Rusini":"-","Rusini, %":"-","Slovaci":"-","Slovaci, %":"-","Slovenci":"2.0","Slovenci, %":"0.08","Srbi":"3.0","Srbi, %":"0.12","Talijani":"-","Talijani, %":"-","Turci":"-","Turci, %":"-","Ukrajinci":"-","Ukrajinci, %":"-","Vlasi":"-","Vlasi, %":"-","Židovi":"-","Židovi, %":"-","Ostali":"-","Ostali, %":"-","Regionalna pripadnost":"-","Regionalna pripadnost, %":"-","Izjasnili se u smislu vjerske pripadnosti":"-","Izjasnili se u smislu vjerske pripadnosti, %":"-","Neraspoređeno":"-","Neraspoređeno, %":"-","Ne izjašnjavaju se":"1.0","Ne izjašnjavaju se, %":"0.04","Nepoznato":"52.0","Nepoznato, %":"2.08"},{"_id":47,"Ime županije":"Krapinsko-zagorska","Grad ili općina":"Općina","Ime grada/općine":"Desinić","Ukupno":2933,"Ukupno, %":100,"Hrvati":2899,"Hrvati, %":98.840000000000003410605131648480892181396484375,"Albanci":"-","Albanci, %":"-","Austrijanci":"-","Austrijanci, %":"-","Bošnjaci":"-","Bošnjaci, %":"-","Bugari":"-","Bugari, %":"-","Crnogorci":"-","Crnogorci, %":"-","Česi":"-","Česi, %":"-","Mađari":"-","Mađari, %":"-","Makedonci":"1.0","Makedonci, %":"0.03","Nijemci":"-","Nijemci, %":"-","Poljaci":"-","Poljaci, %":"-","Romi":"-","Romi, %":"-","Rumunji":"1.0","Rumunji, %":"0.03","Rusi":"1.0","Rusi, %":"0.03","Rusini":"-","Rusini, %":"-","Slovaci":"-","Slovaci, %":"-","Slovenci":"13.0","Slovenci, %":"0.44","Srbi":"3.0","Srbi, %":"0.1","Talijani":"-","Talijani, %":"-","Turci":"-","Turci, %":"-","Ukrajinci":"-","Ukrajinci, %":"-","Vlasi":"-","Vlasi, %":"-","Židovi":"-","Židovi, %":"-","Ostali":"2.0","Ostali, %":"0.07","Regionalna pripadnost":"-","Regionalna pripadnost, %":"-","Izjasnili se u smislu vjerske pripadnosti":"-","Izjasnili se u smislu vjerske pripadnosti, %":"-","Neraspoređeno":"-","Neraspoređeno, %":"-","Ne izjašnjavaju se":"5.0","Ne izjašnjavaju se, %":"0.17","Nepoznato":"8.0","Nepoznato, %":"0.27"},{"_id":48,"Ime županije":"Krapinsko-zagorska","Grad ili općina":"Općina","Ime grada/općine":"Đurmanec","Ukupno":4235,"Ukupno, %":100,"Hrvati":4179,"Hrvati, %":98.68000000000000682121026329696178436279296875,"Albanci":"-","Albanci, %":"-","Austrijanci":"-","Austrijanci, %":"-","Bošnjaci":"4.0","Bošnjaci, %":"0.09","Bugari":"-","Bugari, %":"-","Crnogorci":"1.0","Crnogorci, %":"0.02","Česi":"-","Česi, %":"-","Mađari":"-","Mađari, %":"-","Makedonci":"1.0","Makedonci, %":"0.02","Nijemci":"-","Nijemci, %":"-","Poljaci":"-","Poljaci, %":"-","Romi":"-","Romi, %":"-","Rumunji":"-","Rumunji, %":"-","Rusi":"-","Rusi, %":"-","Rusini":"-","Rusini, %":"-","Slovaci":"1.0","Slovaci, %":"0.02","Slovenci":"38.0","Slovenci, %":"0.9","Srbi":"2.0","Srbi, %":"0.05","Talijani":"1.0","Talijani, %":"0.02","Turci":"-","Turci, %":"-","Ukrajinci":"-","Ukrajinci, %":"-","Vlasi":"-","Vlasi, %":"-","Židovi":"-","Židovi, %":"-","Ostali":"2.0","Ostali, %":"0.05","Regionalna pripadnost":"-","Regionalna pripadnost, %":"-","Izjasnili se u smislu vjerske pripadnosti":"1.0","Izjasnili se u smislu vjerske pripadnosti, %":"0.02","Neraspoređeno":"-","Neraspoređeno, %":"-","Ne izjašnjavaju se":"2.0","Ne izjašnjavaju se, %":"0.05","Nepoznato":"3.0","Nepoznato, %":"0.07"},{"_id":49,"Ime županije":"Krapinsko-zagorska","Grad ili općina":"Općina","Ime grada/općine":"Gornja Stubica","Ukupno":5284,"Ukupno, %":100,"Hrvati":5265,"Hrvati, %":99.6400000000000005684341886080801486968994140625,"Albanci":"-","Albanci, %":"-","Austrijanci":"-","Austrijanci, %":"-","Bošnjaci":"1.0","Bošnjaci, %":"0.02","Bugari":"-","Bugari, %":"-","Crnogorci":"-","Crnogorci, %":"-","Česi":"-","Česi, %":"-","Mađari":"-","Mađari, %":"-","Makedonci":"-","Makedonci, %":"-","Nijemci":"1.0","Nijemci, %":"0.02","Poljaci":"1.0","Poljaci, %":"0.02","Romi":"-","Romi, %":"-","Rumunji":"-","Rumunji, %":"-","Rusi":"2.0","Rusi, %":"0.04","Rusini":"-","Rusini, %":"-","Slovaci":"-","Slovaci, %":"-","Slovenci":"-","Slovenci, %":"-","Srbi":"4.0","Srbi, %":"0.08","Talijani":"-","Talijani, %":"-","Turci":"1.0","Turci, %":"0.02","Ukrajinci":"-","Ukrajinci, %":"-","Vlasi":"-","Vlasi, %":"-","Židovi":"-","Židovi, %":"-","Ostali":"6.0","Ostali, %":"0.11","Regionalna pripadnost":"-","Regionalna pripadnost, %":"-","Izjasnili se u smislu vjerske pripadnosti":"-","Izjasnili se u smislu vjerske pripadnosti, %":"-","Neraspoređeno":"-","Neraspoređeno, %":"-","Ne izjašnjavaju se":"-","Ne izjašnjavaju se, %":"-","Nepoznato":"3.0","Nepoznato, %":"0.06"},{"_id":50,"Ime županije":"Krapinsko-zagorska","Grad ili općina":"Općina","Ime grada/općine":"Hrašćina","Ukupno":1617,"Ukupno, %":100,"Hrvati":1605,"Hrvati, %":99.2600000000000051159076974727213382720947265625,"Albanci":"-","Albanci, %":"-","Austrijanci":"-","Austrijanci, %":"-","Bošnjaci":"1.0","Bošnjaci, %":"0.06","Bugari":"-","Bugari, %":"-","Crnogorci":"-","Crnogorci, %":"-","Česi":"-","Česi, %":"-","Mađari":"1.0","Mađari, %":"0.06","Makedonci":"1.0","Makedonci, %":"0.06","Nijemci":"-","Nijemci, %":"-","Poljaci":"-","Poljaci, %":"-","Romi":"-","Romi, %":"-","Rumunji":"-","Rumunji, %":"-","Rusi":"-","Rusi, %":"-","Rusini":"-","Rusini, %":"-","Slovaci":"-","Slovaci, %":"-","Slovenci":"-","Slovenci, %":"-","Srbi":"-","Srbi, %":"-","Talijani":"-","Talijani, %":"-","Turci":"-","Turci, %":"-","Ukrajinci":"-","Ukrajinci, %":"-","Vlasi":"-","Vlasi, %":"-","Židovi":"-","Židovi, %":"-","Ostali":"-","Ostali, %":"-","Regionalna pripadnost":"4.0","Regionalna pripadnost, %":"0.25","Izjasnili se u smislu vjerske pripadnosti":"-","Izjasnili se u smislu vjerske pripadnosti, %":"-","Neraspoređeno":"-","Neraspoređeno, %":"-","Ne izjašnjavaju se":"1.0","Ne izjašnjavaju se, %":"0.06","Nepoznato":"4.0","Nepoznato, %":"0.25"},{"_id":51,"Ime županije":"Krapinsko-zagorska","Grad ili općina":"Općina","Ime grada/općine":"Hum na Sutli","Ukupno":5060,"Ukupno, %":100,"Hrvati":4844,"Hrvati, %":95.7300000000000039790393202565610408782958984375,"Albanci":"1.0","Albanci, %":"0.02","Austrijanci":"-","Austrijanci, %":"-","Bošnjaci":"1.0","Bošnjaci, %":"0.02","Bugari":"-","Bugari, %":"-","Crnogorci":"-","Crnogorci, %":"-","Česi":"-","Česi, %":"-","Mađari":"-","Mađari, %":"-","Makedonci":"2.0","Makedonci, %":"0.04","Nijemci":"-","Nijemci, %":"-","Poljaci":"-","Poljaci, %":"-","Romi":"-","Romi, %":"-","Rumunji":"-","Rumunji, %":"-","Rusi":"1.0","Rusi, %":"0.02","Rusini":"-","Rusini, %":"-","Slovaci":"-","Slovaci, %":"-","Slovenci":"179.0","Slovenci, %":"3.54","Srbi":"7.0","Srbi, %":"0.14","Talijani":"-","Talijani, %":"-","Turci":"-","Turci, %":"-","Ukrajinci":"1.0","Ukrajinci, %":"0.02","Vlasi":"-","Vlasi, %":"-","Židovi":"-","Židovi, %":"-","Ostali":"3.0","Ostali, %":"0.06","Regionalna pripadnost":"5.0","Regionalna pripadnost, %":"0.1","Izjasnili se u smislu vjerske pripadnosti":"-","Izjasnili se u smislu vjerske pripadnosti, %":"-","Neraspoređeno":"-","Neraspoređeno, %":"-","Ne izjašnjavaju se":"13.0","Ne izjašnjavaju se, %":"0.26","Nepoznato":"3.0","Nepoznato, %":"0.06"},{"_id":52,"Ime županije":"Krapinsko-zagorska","Grad ili općina":"Općina","Ime grada/općine":"Jesenje","Ukupno":1560,"Ukupno, %":100,"Hrvati":1550,"Hrvati, %":99.3599999999999994315658113919198513031005859375,"Albanci":"-","Albanci, %":"-","Austrijanci":"-","Austrijanci, %":"-","Bošnjaci":"-","Bošnjaci, %":"-","Bugari":"-","Bugari, %":"-","Crnogorci":"-","Crnogorci, %":"-","Česi":"1.0","Česi, %":"0.06","Mađari":"-","Mađari, %":"-","Makedonci":"-","Makedonci, %":"-","Nijemci":"-","Nijemci, %":"-","Poljaci":"-","Poljaci, %":"-","Romi":"-","Romi, %":"-","Rumunji":"1.0","Rumunji, %":"0.06","Rusi":"-","Rusi, %":"-","Rusini":"-","Rusini, %":"-","Slovaci":"-","Slovaci, %":"-","Slovenci":"1.0","Slovenci, %":"0.06","Srbi":"-","Srbi, %":"-","Talijani":"-","Talijani, %":"-","Turci":"-","Turci, %":"-","Ukrajinci":"2.0","Ukrajinci, %":"0.13","Vlasi":"-","Vlasi, %":"-","Židovi":"-","Židovi, %":"-","Ostali":"-","Ostali, %":"-","Regionalna pripadnost":"-","Regionalna pripadnost, %":"-","Izjasnili se u smislu vjerske pripadnosti":"-","Izjasnili se u smislu vjerske pripadnosti, %":"-","Neraspoređeno":"-","Neraspoređeno, %":"-","Ne izjašnjavaju se":"-","Ne izjašnjavaju se, %":"-","Nepoznato":"5.0","Nepoznato, %":"0.32"},{"_id":53,"Ime županije":"Krapinsko-zagorska","Grad ili općina":"Općina","Ime grada/općine":"Konjščina","Ukupno":3790,"Ukupno, %":100,"Hrvati":3757,"Hrvati, %":99.1299999999999954525264911353588104248046875,"Albanci":"2.0","Albanci, %":"0.05","Austrijanci":"-","Austrijanci, %":"-","Bošnjaci":"-","Bošnjaci, %":"-","Bugari":"1.0","Bugari, %":"0.03","Crnogorci":"-","Crnogorci, %":"-","Česi":"1.0","Česi, %":"0.03","Mađari":"1.0","Mađari, %":"0.03","Makedonci":"1.0","Makedonci, %":"0.03","Nijemci":"2.0","Nijemci, %":"0.05","Poljaci":"-","Poljaci, %":"-","Romi":"-","Romi, %":"-","Rumunji":"-","Rumunji, %":"-","Rusi":"2.0","Rusi, %":"0.05","Rusini":"-","Rusini, %":"-","Slovaci":"-","Slovaci, %":"-","Slovenci":"1.0","Slovenci, %":"0.03","Srbi":"12.0","Srbi, %":"0.32","Talijani":"2.0","Talijani, %":"0.05","Turci":"-","Turci, %":"-","Ukrajinci":"-","Ukrajinci, %":"-","Vlasi":"-","Vlasi, %":"-","Židovi":"-","Židovi, %":"-","Ostali":"-","Ostali, %":"-","Regionalna pripadnost":"1.0","Regionalna pripadnost, %":"0.03","Izjasnili se u smislu vjerske pripadnosti":"1.0","Izjasnili se u smislu vjerske pripadnosti, %":"0.03","Neraspoređeno":"-","Neraspoređeno, %":"-","Ne izjašnjavaju se":"2.0","Ne izjašnjavaju se, %":"0.05","Nepoznato":"4.0","Nepoznato, %":"0.11"},{"_id":54,"Ime županije":"Krapinsko-zagorska","Grad ili općina":"Općina","Ime grada/općine":"Kraljevec na Sutli","Ukupno":1727,"Ukupno, %":100,"Hrvati":1707,"Hrvati, %":98.840000000000003410605131648480892181396484375,"Albanci":"-","Albanci, %":"-","Austrijanci":"-","Austrijanci, %":"-","Bošnjaci":"1.0","Bošnjaci, %":"0.06","Bugari":"-","Bugari, %":"-","Crnogorci":"-","Crnogorci, %":"-","Česi":"-","Česi, %":"-","Mađari":"-","Mađari, %":"-","Makedonci":"-","Makedonci, %":"-","Nijemci":"1.0","Nijemci, %":"0.06","Poljaci":"-","Poljaci, %":"-","Romi":"-","Romi, %":"-","Rumunji":"-","Rumunji, %":"-","Rusi":"-","Rusi, %":"-","Rusini":"-","Rusini, %":"-","Slovaci":"-","Slovaci, %":"-","Slovenci":"9.0","Slovenci, %":"0.52","Srbi":"-","Srbi, %":"-","Talijani":"-","Talijani, %":"-","Turci":"-","Turci, %":"-","Ukrajinci":"-","Ukrajinci, %":"-","Vlasi":"-","Vlasi, %":"-","Židovi":"-","Židovi, %":"-","Ostali":"-","Ostali, %":"-","Regionalna pripadnost":"-","Regionalna pripadnost, %":"-","Izjasnili se u smislu vjerske pripadnosti":"-","Izjasnili se u smislu vjerske pripadnosti, %":"-","Neraspoređeno":"-","Neraspoređeno, %":"-","Ne izjašnjavaju se":"6.0","Ne izjašnjavaju se, %":"0.35","Nepoznato":"3.0","Nepoznato, %":"0.17"},{"_id":55,"Ime županije":"Krapinsko-zagorska","Grad ili općina":"Općina","Ime grada/općine":"Krapinske Toplice","Ukupno":5367,"Ukupno, %":100,"Hrvati":5323,"Hrvati, %":99.18000000000000682121026329696178436279296875,"Albanci":"-","Albanci, %":"-","Austrijanci":"-","Austrijanci, %":"-","Bošnjaci":"1.0","Bošnjaci, %":"0.02","Bugari":"-","Bugari, %":"-","Crnogorci":"1.0","Crnogorci, %":"0.02","Česi":"-","Česi, %":"-","Mađari":"-","Mađari, %":"-","Makedonci":"4.0","Makedonci, %":"0.07","Nijemci":"5.0","Nijemci, %":"0.09","Poljaci":"-","Poljaci, %":"-","Romi":"-","Romi, %":"-","Rumunji":"-","Rumunji, %":"-","Rusi":"3.0","Rusi, %":"0.06","Rusini":"-","Rusini, %":"-","Slovaci":"-","Slovaci, %":"-","Slovenci":"11.0","Slovenci, %":"0.2","Srbi":"6.0","Srbi, %":"0.11","Talijani":"1.0","Talijani, %":"0.02","Turci":"-","Turci, %":"-","Ukrajinci":"-","Ukrajinci, %":"-","Vlasi":"-","Vlasi, %":"-","Židovi":"-","Židovi, %":"-","Ostali":"6.0","Ostali, %":"0.11","Regionalna pripadnost":"1.0","Regionalna pripadnost, %":"0.02","Izjasnili se u smislu vjerske pripadnosti":"-","Izjasnili se u smislu vjerske pripadnosti, %":"-","Neraspoređeno":"-","Neraspoređeno, %":"-","Ne izjašnjavaju se":"3.0","Ne izjašnjavaju se, %":"0.06","Nepoznato":"2.0","Nepoznato, %":"0.04"},{"_id":56,"Ime županije":"Krapinsko-zagorska","Grad ili općina":"Općina","Ime grada/općine":"Kumrovec","Ukupno":1588,"Ukupno, %":100,"Hrvati":1534,"Hrvati, %":96.599999999999994315658113919198513031005859375,"Albanci":"3.0","Albanci, %":"0.19","Austrijanci":"-","Austrijanci, %":"-","Bošnjaci":"2.0","Bošnjaci, %":"0.13","Bugari":"-","Bugari, %":"-","Crnogorci":"-","Crnogorci, %":"-","Česi":"-","Česi, %":"-","Mađari":"1.0","Mađari, %":"0.06","Makedonci":"6.0","Makedonci, %":"0.38","Nijemci":"1.0","Nijemci, %":"0.06","Poljaci":"-","Poljaci, %":"-","Romi":"-","Romi, %":"-","Rumunji":"-","Rumunji, %":"-","Rusi":"-","Rusi, %":"-","Rusini":"-","Rusini, %":"-","Slovaci":"1.0","Slovaci, %":"0.06","Slovenci":"18.0","Slovenci, %":"1.13","Srbi":"14.0","Srbi, %":"0.88","Talijani":"-","Talijani, %":"-","Turci":"-","Turci, %":"-","Ukrajinci":"-","Ukrajinci, %":"-","Vlasi":"-","Vlasi, %":"-","Židovi":"-","Židovi, %":"-","Ostali":"1.0","Ostali, %":"0.06","Regionalna pripadnost":"-","Regionalna pripadnost, %":"-","Izjasnili se u smislu vjerske pripadnosti":"3.0","Izjasnili se u smislu vjerske pripadnosti, %":"0.19","Neraspoređeno":"1.0","Neraspoređeno, %":"0.06","Ne izjašnjavaju se":"2.0","Ne izjašnjavaju se, %":"0.13","Nepoznato":"1.0","Nepoznato, %":"0.06"},{"_id":57,"Ime županije":"Krapinsko-zagorska","Grad ili općina":"Općina","Ime grada/općine":"Lobor","Ukupno":3188,"Ukupno, %":100,"Hrvati":3155,"Hrvati, %":98.9599999999999937472239253111183643341064453125,"Albanci":"-","Albanci, %":"-","Austrijanci":"-","Austrijanci, %":"-","Bošnjaci":"-","Bošnjaci, %":"-","Bugari":"-","Bugari, %":"-","Crnogorci":"-","Crnogorci, %":"-","Česi":"2.0","Česi, %":"0.06","Mađari":"2.0","Mađari, %":"0.06","Makedonci":"-","Makedonci, %":"-","Nijemci":"2.0","Nijemci, %":"0.06","Poljaci":"1.0","Poljaci, %":"0.03","Romi":"2.0","Romi, %":"0.06","Rumunji":"-","Rumunji, %":"-","Rusi":"-","Rusi, %":"-","Rusini":"-","Rusini, %":"-","Slovaci":"-","Slovaci, %":"-","Slovenci":"2.0","Slovenci, %":"0.06","Srbi":"15.0","Srbi, %":"0.47","Talijani":"-","Talijani, %":"-","Turci":"-","Turci, %":"-","Ukrajinci":"1.0","Ukrajinci, %":"0.03","Vlasi":"-","Vlasi, %":"-","Židovi":"-","Židovi, %":"-","Ostali":"-","Ostali, %":"-","Regionalna pripadnost":"-","Regionalna pripadnost, %":"-","Izjasnili se u smislu vjerske pripadnosti":"-","Izjasnili se u smislu vjerske pripadnosti, %":"-","Neraspoređeno":"-","Neraspoređeno, %":"-","Ne izjašnjavaju se":"1.0","Ne izjašnjavaju se, %":"0.03","Nepoznato":"5.0","Nepoznato, %":"0.16"},{"_id":58,"Ime županije":"Krapinsko-zagorska","Grad ili općina":"Općina","Ime grada/općine":"Mače","Ukupno":2534,"Ukupno, %":100,"Hrvati":2518,"Hrvati, %":99.3700000000000045474735088646411895751953125,"Albanci":"-","Albanci, %":"-","Austrijanci":"-","Austrijanci, %":"-","Bošnjaci":"1.0","Bošnjaci, %":"0.04","Bugari":"-","Bugari, %":"-","Crnogorci":"-","Crnogorci, %":"-","Česi":"1.0","Česi, %":"0.04","Mađari":"1.0","Mađari, %":"0.04","Makedonci":"1.0","Makedonci, %":"0.04","Nijemci":"2.0","Nijemci, %":"0.08","Poljaci":"-","Poljaci, %":"-","Romi":"-","Romi, %":"-","Rumunji":"1.0","Rumunji, %":"0.04","Rusi":"-","Rusi, %":"-","Rusini":"-","Rusini, %":"-","Slovaci":"-","Slovaci, %":"-","Slovenci":"-","Slovenci, %":"-","Srbi":"2.0","Srbi, %":"0.08","Talijani":"-","Talijani, %":"-","Turci":"-","Turci, %":"-","Ukrajinci":"2.0","Ukrajinci, %":"0.08","Vlasi":"-","Vlasi, %":"-","Židovi":"-","Židovi, %":"-","Ostali":"-","Ostali, %":"-","Regionalna pripadnost":"-","Regionalna pripadnost, %":"-","Izjasnili se u smislu vjerske pripadnosti":"-","Izjasnili se u smislu vjerske pripadnosti, %":"-","Neraspoređeno":"-","Neraspoređeno, %":"-","Ne izjašnjavaju se":"1.0","Ne izjašnjavaju se, %":"0.04","Nepoznato":"4.0","Nepoznato, %":"0.16"},{"_id":59,"Ime županije":"Krapinsko-zagorska","Grad ili općina":"Općina","Ime grada/općine":"Marija Bistrica","Ukupno":5976,"Ukupno, %":100,"Hrvati":5943,"Hrvati, %":99.4500000000000028421709430404007434844970703125,"Albanci":"5.0","Albanci, %":"0.08","Austrijanci":"-","Austrijanci, %":"-","Bošnjaci":"1.0","Bošnjaci, %":"0.02","Bugari":"-","Bugari, %":"-","Crnogorci":"-","Crnogorci, %":"-","Česi":"-","Česi, %":"-","Mađari":"-","Mađari, %":"-","Makedonci":"1.0","Makedonci, %":"0.02","Nijemci":"-","Nijemci, %":"-","Poljaci":"1.0","Poljaci, %":"0.02","Romi":"1.0","Romi, %":"0.02","Rumunji":"1.0","Rumunji, %":"0.02","Rusi":"-","Rusi, %":"-","Rusini":"-","Rusini, %":"-","Slovaci":"1.0","Slovaci, %":"0.02","Slovenci":"2.0","Slovenci, %":"0.03","Srbi":"8.0","Srbi, %":"0.13","Talijani":"-","Talijani, %":"-","Turci":"-","Turci, %":"-","Ukrajinci":"-","Ukrajinci, %":"-","Vlasi":"-","Vlasi, %":"-","Židovi":"-","Židovi, %":"-","Ostali":"-","Ostali, %":"-","Regionalna pripadnost":"5.0","Regionalna pripadnost, %":"0.08","Izjasnili se u smislu vjerske pripadnosti":"3.0","Izjasnili se u smislu vjerske pripadnosti, %":"0.05","Neraspoređeno":"-","Neraspoređeno, %":"-","Ne izjašnjavaju se":"1.0","Ne izjašnjavaju se, %":"0.02","Nepoznato":"3.0","Nepoznato, %":"0.05"},{"_id":60,"Ime županije":"Krapinsko-zagorska","Grad ili općina":"Općina","Ime grada/općine":"Mihovljan","Ukupno":1938,"Ukupno, %":100,"Hrvati":1931,"Hrvati, %":99.6400000000000005684341886080801486968994140625,"Albanci":"-","Albanci, %":"-","Austrijanci":"-","Austrijanci, %":"-","Bošnjaci":"1.0","Bošnjaci, %":"0.05","Bugari":"-","Bugari, %":"-","Crnogorci":"-","Crnogorci, %":"-","Česi":"-","Česi, %":"-","Mađari":"2.0","Mađari, %":"0.1","Makedonci":"-","Makedonci, %":"-","Nijemci":"-","Nijemci, %":"-","Poljaci":"-","Poljaci, %":"-","Romi":"-","Romi, %":"-","Rumunji":"-","Rumunji, %":"-","Rusi":"-","Rusi, %":"-","Rusini":"-","Rusini, %":"-","Slovaci":"-","Slovaci, %":"-","Slovenci":"-","Slovenci, %":"-","Srbi":"-","Srbi, %":"-","Talijani":"-","Talijani, %":"-","Turci":"-","Turci, %":"-","Ukrajinci":"-","Ukrajinci, %":"-","Vlasi":"-","Vlasi, %":"-","Židovi":"-","Židovi, %":"-","Ostali":"-","Ostali, %":"-","Regionalna pripadnost":"1.0","Regionalna pripadnost, %":"0.05","Izjasnili se u smislu vjerske pripadnosti":"-","Izjasnili se u smislu vjerske pripadnosti, %":"-","Neraspoređeno":"-","Neraspoređeno, %":"-","Ne izjašnjavaju se":"-","Ne izjašnjavaju se, %":"-","Nepoznato":"3.0","Nepoznato, %":"0.15"},{"_id":61,"Ime županije":"Krapinsko-zagorska","Grad ili općina":"Općina","Ime grada/općine":"Novi Golubovec","Ukupno":996,"Ukupno, %":100,"Hrvati":992,"Hrvati, %":99.599999999999994315658113919198513031005859375,"Albanci":"-","Albanci, %":"-","Austrijanci":"-","Austrijanci, %":"-","Bošnjaci":"-","Bošnjaci, %":"-","Bugari":"-","Bugari, %":"-","Crnogorci":"-","Crnogorci, %":"-","Česi":"-","Česi, %":"-","Mađari":"-","Mađari, %":"-","Makedonci":"-","Makedonci, %":"-","Nijemci":"-","Nijemci, %":"-","Poljaci":"-","Poljaci, %":"-","Romi":"-","Romi, %":"-","Rumunji":"-","Rumunji, %":"-","Rusi":"-","Rusi, %":"-","Rusini":"-","Rusini, %":"-","Slovaci":"-","Slovaci, %":"-","Slovenci":"-","Slovenci, %":"-","Srbi":"2.0","Srbi, %":"0.2","Talijani":"-","Talijani, %":"-","Turci":"-","Turci, %":"-","Ukrajinci":"-","Ukrajinci, %":"-","Vlasi":"-","Vlasi, %":"-","Židovi":"-","Židovi, %":"-","Ostali":"-","Ostali, %":"-","Regionalna pripadnost":"-","Regionalna pripadnost, %":"-","Izjasnili se u smislu vjerske pripadnosti":"1.0","Izjasnili se u smislu vjerske pripadnosti, %":"0.1","Neraspoređeno":"-","Neraspoređeno, %":"-","Ne izjašnjavaju se":"-","Ne izjašnjavaju se, %":"-","Nepoznato":"1.0","Nepoznato, %":"0.1"},{"_id":62,"Ime županije":"Krapinsko-zagorska","Grad ili općina":"Općina","Ime grada/općine":"Petrovsko","Ukupno":2656,"Ukupno, %":100,"Hrvati":2642,"Hrvati, %":99.469999999999998863131622783839702606201171875,"Albanci":"-","Albanci, %":"-","Austrijanci":"-","Austrijanci, %":"-","Bošnjaci":"-","Bošnjaci, %":"-","Bugari":"-","Bugari, %":"-","Crnogorci":"-","Crnogorci, %":"-","Česi":"-","Česi, %":"-","Mađari":"-","Mađari, %":"-","Makedonci":"-","Makedonci, %":"-","Nijemci":"1.0","Nijemci, %":"0.04","Poljaci":"-","Poljaci, %":"-","Romi":"-","Romi, %":"-","Rumunji":"-","Rumunji, %":"-","Rusi":"2.0","Rusi, %":"0.08","Rusini":"-","Rusini, %":"-","Slovaci":"-","Slovaci, %":"-","Slovenci":"7.0","Slovenci, %":"0.26","Srbi":"2.0","Srbi, %":"0.08","Talijani":"-","Talijani, %":"-","Turci":"-","Turci, %":"-","Ukrajinci":"-","Ukrajinci, %":"-","Vlasi":"-","Vlasi, %":"-","Židovi":"-","Židovi, %":"-","Ostali":"2.0","Ostali, %":"0.08","Regionalna pripadnost":"-","Regionalna pripadnost, %":"-","Izjasnili se u smislu vjerske pripadnosti":"-","Izjasnili se u smislu vjerske pripadnosti, %":"-","Neraspoređeno":"-","Neraspoređeno, %":"-","Ne izjašnjavaju se":"-","Ne izjašnjavaju se, %":"-","Nepoznato":"-","Nepoznato, %":"-"},{"_id":63,"Ime županije":"Krapinsko-zagorska","Grad ili općina":"Općina","Ime grada/općine":"Radoboj","Ukupno":3387,"Ukupno, %":100,"Hrvati":3354,"Hrvati, %":99.030000000000001136868377216160297393798828125,"Albanci":"-","Albanci, %":"-","Austrijanci":"-","Austrijanci, %":"-","Bošnjaci":"1.0","Bošnjaci, %":"0.03","Bugari":"-","Bugari, %":"-","Crnogorci":"-","Crnogorci, %":"-","Česi":"-","Česi, %":"-","Mađari":"-","Mađari, %":"-","Makedonci":"1.0","Makedonci, %":"0.03","Nijemci":"1.0","Nijemci, %":"0.03","Poljaci":"1.0","Poljaci, %":"0.03","Romi":"-","Romi, %":"-","Rumunji":"-","Rumunji, %":"-","Rusi":"1.0","Rusi, %":"0.03","Rusini":"-","Rusini, %":"-","Slovaci":"-","Slovaci, %":"-","Slovenci":"4.0","Slovenci, %":"0.12","Srbi":"2.0","Srbi, %":"0.06","Talijani":"-","Talijani, %":"-","Turci":"-","Turci, %":"-","Ukrajinci":"2.0","Ukrajinci, %":"0.06","Vlasi":"-","Vlasi, %":"-","Židovi":"-","Židovi, %":"-","Ostali":"3.0","Ostali, %":"0.09","Regionalna pripadnost":"-","Regionalna pripadnost, %":"-","Izjasnili se u smislu vjerske pripadnosti":"-","Izjasnili se u smislu vjerske pripadnosti, %":"-","Neraspoređeno":"-","Neraspoređeno, %":"-","Ne izjašnjavaju se":"1.0","Ne izjašnjavaju se, %":"0.03","Nepoznato":"16.0","Nepoznato, %":"0.47"},{"_id":64,"Ime županije":"Krapinsko-zagorska","Grad ili općina":"Općina","Ime grada/općine":"Stubičke Toplice","Ukupno":2805,"Ukupno, %":100,"Hrvati":2752,"Hrvati, %":98.1099999999999994315658113919198513031005859375,"Albanci":"8.0","Albanci, %":"0.29","Austrijanci":"1.0","Austrijanci, %":"0.04","Bošnjaci":"3.0","Bošnjaci, %":"0.11","Bugari":"-","Bugari, %":"-","Crnogorci":"-","Crnogorci, %":"-","Česi":"-","Česi, %":"-","Mađari":"-","Mađari, %":"-","Makedonci":"-","Makedonci, %":"-","Nijemci":"6.0","Nijemci, %":"0.21","Poljaci":"1.0","Poljaci, %":"0.04","Romi":"-","Romi, %":"-","Rumunji":"-","Rumunji, %":"-","Rusi":"1.0","Rusi, %":"0.04","Rusini":"1.0","Rusini, %":"0.04","Slovaci":"-","Slovaci, %":"-","Slovenci":"4.0","Slovenci, %":"0.14","Srbi":"11.0","Srbi, %":"0.39","Talijani":"1.0","Talijani, %":"0.04","Turci":"-","Turci, %":"-","Ukrajinci":"-","Ukrajinci, %":"-","Vlasi":"-","Vlasi, %":"-","Židovi":"-","Židovi, %":"-","Ostali":"6.0","Ostali, %":"0.21","Regionalna pripadnost":"-","Regionalna pripadnost, %":"-","Izjasnili se u smislu vjerske pripadnosti":"1.0","Izjasnili se u smislu vjerske pripadnosti, %":"0.04","Neraspoređeno":"1.0","Neraspoređeno, %":"0.04","Ne izjašnjavaju se":"5.0","Ne izjašnjavaju se, %":"0.18","Nepoznato":"3.0","Nepoznato, %":"0.11"},{"_id":65,"Ime županije":"Krapinsko-zagorska","Grad ili općina":"Općina","Ime grada/općine":"Sveti Križ Začretje","Ukupno":6165,"Ukupno, %":100,"Hrvati":6120,"Hrvati, %":99.2699999999999960209606797434389591217041015625,"Albanci":"5.0","Albanci, %":"0.08","Austrijanci":"-","Austrijanci, %":"-","Bošnjaci":"4.0","Bošnjaci, %":"0.06","Bugari":"-","Bugari, %":"-","Crnogorci":"-","Crnogorci, %":"-","Česi":"-","Česi, %":"-","Mađari":"1.0","Mađari, %":"0.02","Makedonci":"1.0","Makedonci, %":"0.02","Nijemci":"2.0","Nijemci, %":"0.03","Poljaci":"1.0","Poljaci, %":"0.02","Romi":"-","Romi, %":"-","Rumunji":"3.0","Rumunji, %":"0.05","Rusi":"5.0","Rusi, %":"0.08","Rusini":"-","Rusini, %":"-","Slovaci":"-","Slovaci, %":"-","Slovenci":"2.0","Slovenci, %":"0.03","Srbi":"4.0","Srbi, %":"0.06","Talijani":"-","Talijani, %":"-","Turci":"-","Turci, %":"-","Ukrajinci":"-","Ukrajinci, %":"-","Vlasi":"-","Vlasi, %":"-","Židovi":"-","Židovi, %":"-","Ostali":"1.0","Ostali, %":"0.02","Regionalna pripadnost":"-","Regionalna pripadnost, %":"-","Izjasnili se u smislu vjerske pripadnosti":"-","Izjasnili se u smislu vjerske pripadnosti, %":"-","Neraspoređeno":"-","Neraspoređeno, %":"-","Ne izjašnjavaju se":"6.0","Ne izjašnjavaju se, %":"0.1","Nepoznato":"10.0","Nepoznato, %":"0.16"},{"_id":66,"Ime županije":"Krapinsko-zagorska","Grad ili općina":"Općina","Ime grada/općine":"Tuhelj","Ukupno":2104,"Ukupno, %":100,"Hrvati":2075,"Hrvati, %":98.6200000000000045474735088646411895751953125,"Albanci":"-","Albanci, %":"-","Austrijanci":"-","Austrijanci, %":"-","Bošnjaci":"-","Bošnjaci, %":"-","Bugari":"-","Bugari, %":"-","Crnogorci":"-","Crnogorci, %":"-","Česi":"-","Česi, %":"-","Mađari":"-","Mađari, %":"-","Makedonci":"1.0","Makedonci, %":"0.05","Nijemci":"3.0","Nijemci, %":"0.14","Poljaci":"-","Poljaci, %":"-","Romi":"-","Romi, %":"-","Rumunji":"3.0","Rumunji, %":"0.14","Rusi":"-","Rusi, %":"-","Rusini":"-","Rusini, %":"-","Slovaci":"-","Slovaci, %":"-","Slovenci":"9.0","Slovenci, %":"0.43","Srbi":"5.0","Srbi, %":"0.24","Talijani":"-","Talijani, %":"-","Turci":"-","Turci, %":"-","Ukrajinci":"-","Ukrajinci, %":"-","Vlasi":"-","Vlasi, %":"-","Židovi":"-","Židovi, %":"-","Ostali":"3.0","Ostali, %":"0.14","Regionalna pripadnost":"-","Regionalna pripadnost, %":"-","Izjasnili se u smislu vjerske pripadnosti":"-","Izjasnili se u smislu vjerske pripadnosti, %":"-","Neraspoređeno":"-","Neraspoređeno, %":"-","Ne izjašnjavaju se":"2.0","Ne izjašnjavaju se, %":"0.1","Nepoznato":"3.0","Nepoznato, %":"0.14"},{"_id":67,"Ime županije":"Krapinsko-zagorska","Grad ili općina":"Općina","Ime grada/općine":"Veliko Trgovišće","Ukupno":4945,"Ukupno, %":100,"Hrvati":4916,"Hrvati, %":99.409999999999996589394868351519107818603515625,"Albanci":"-","Albanci, %":"-","Austrijanci":"-","Austrijanci, %":"-","Bošnjaci":"3.0","Bošnjaci, %":"0.06","Bugari":"-","Bugari, %":"-","Crnogorci":"-","Crnogorci, %":"-","Česi":"1.0","Česi, %":"0.02","Mađari":"-","Mađari, %":"-","Makedonci":"3.0","Makedonci, %":"0.06","Nijemci":"1.0","Nijemci, %":"0.02","Poljaci":"-","Poljaci, %":"-","Romi":"-","Romi, %":"-","Rumunji":"-","Rumunji, %":"-","Rusi":"-","Rusi, %":"-","Rusini":"-","Rusini, %":"-","Slovaci":"1.0","Slovaci, %":"0.02","Slovenci":"5.0","Slovenci, %":"0.1","Srbi":"2.0","Srbi, %":"0.04","Talijani":"1.0","Talijani, %":"0.02","Turci":"-","Turci, %":"-","Ukrajinci":"-","Ukrajinci, %":"-","Vlasi":"-","Vlasi, %":"-","Židovi":"-","Židovi, %":"-","Ostali":"5.0","Ostali, %":"0.1","Regionalna pripadnost":"-","Regionalna pripadnost, %":"-","Izjasnili se u smislu vjerske pripadnosti":"-","Izjasnili se u smislu vjerske pripadnosti, %":"-","Neraspoređeno":"-","Neraspoređeno, %":"-","Ne izjašnjavaju se":"4.0","Ne izjašnjavaju se, %":"0.08","Nepoznato":"3.0","Nepoznato, %":"0.06"},{"_id":68,"Ime županije":"Krapinsko-zagorska","Grad ili općina":"Općina","Ime grada/općine":"Zagorska Sela","Ukupno":996,"Ukupno, %":100,"Hrvati":962,"Hrvati, %":96.590000000000003410605131648480892181396484375,"Albanci":"-","Albanci, %":"-","Austrijanci":"-","Austrijanci, %":"-","Bošnjaci":"-","Bošnjaci, %":"-","Bugari":"-","Bugari, %":"-","Crnogorci":"-","Crnogorci, %":"-","Česi":"-","Česi, %":"-","Mađari":"1.0","Mađari, %":"0.1","Makedonci":"-","Makedonci, %":"-","Nijemci":"-","Nijemci, %":"-","Poljaci":"-","Poljaci, %":"-","Romi":"-","Romi, %":"-","Rumunji":"-","Rumunji, %":"-","Rusi":"-","Rusi, %":"-","Rusini":"-","Rusini, %":"-","Slovaci":"-","Slovaci, %":"-","Slovenci":"26.0","Slovenci, %":"2.61","Srbi":"1.0","Srbi, %":"0.1","Talijani":"-","Talijani, %":"-","Turci":"-","Turci, %":"-","Ukrajinci":"-","Ukrajinci, %":"-","Vlasi":"-","Vlasi, %":"-","Židovi":"-","Židovi, %":"-","Ostali":"-","Ostali, %":"-","Regionalna pripadnost":"-","Regionalna pripadnost, %":"-","Izjasnili se u smislu vjerske pripadnosti":"-","Izjasnili se u smislu vjerske pripadnosti, %":"-","Neraspoređeno":"-","Neraspoređeno, %":"-","Ne izjašnjavaju se":"3.0","Ne izjašnjavaju se, %":"0.3","Nepoznato":"3.0","Nepoznato, %":"0.3"},{"_id":69,"Ime županije":"Krapinsko-zagorska","Grad ili općina":"Općina","Ime grada/općine":"Zlatar-Bistrica","Ukupno":2600,"Ukupno, %":100,"Hrvati":2575,"Hrvati, %":99.0400000000000062527760746888816356658935546875,"Albanci":"1.0","Albanci, %":"0.04","Austrijanci":"-","Austrijanci, %":"-","Bošnjaci":"1.0","Bošnjaci, %":"0.04","Bugari":"-","Bugari, %":"-","Crnogorci":"-","Crnogorci, %":"-","Česi":"1.0","Česi, %":"0.04","Mađari":"1.0","Mađari, %":"0.04","Makedonci":"1.0","Makedonci, %":"0.04","Nijemci":"-","Nijemci, %":"-","Poljaci":"-","Poljaci, %":"-","Romi":"-","Romi, %":"-","Rumunji":"-","Rumunji, %":"-","Rusi":"3.0","Rusi, %":"0.12","Rusini":"-","Rusini, %":"-","Slovaci":"2.0","Slovaci, %":"0.08","Slovenci":"4.0","Slovenci, %":"0.15","Srbi":"7.0","Srbi, %":"0.27","Talijani":"-","Talijani, %":"-","Turci":"-","Turci, %":"-","Ukrajinci":"-","Ukrajinci, %":"-","Vlasi":"-","Vlasi, %":"-","Židovi":"-","Židovi, %":"-","Ostali":"-","Ostali, %":"-","Regionalna pripadnost":"-","Regionalna pripadnost, %":"-","Izjasnili se u smislu vjerske pripadnosti":"-","Izjasnili se u smislu vjerske pripadnosti, %":"-","Neraspoređeno":"-","Neraspoređeno, %":"-","Ne izjašnjavaju se":"4.0","Ne izjašnjavaju se, %":"0.15","Nepoznato":"-","Nepoznato, %":"-"},{"_id":70,"Ime županije":"Sisačko-moslavačka","Grad ili općina":"","Ime grada/općine":" ","Ukupno":172439,"Ukupno, %":100,"Hrvati":142077,"Hrvati, %":82.3900000000000005684341886080801486968994140625,"Albanci":"576.0","Albanci, %":"0.33","Austrijanci":"9.0","Austrijanci, %":"0.01","Bošnjaci":"2464.0","Bošnjaci, %":"1.43","Bugari":"6.0","Bugari, %":"0.0","Crnogorci":"68.0","Crnogorci, %":"0.04","Česi":"578.0","Česi, %":"0.34","Mađari":"122.0","Mađari, %":"0.07","Makedonci":"126.0","Makedonci, %":"0.07","Nijemci":"54.0","Nijemci, %":"0.03","Poljaci":"19.0","Poljaci, %":"0.01","Romi":"1463.0","Romi, %":"0.85","Rumunji":"11.0","Rumunji, %":"0.01","Rusi":"32.0","Rusi, %":"0.02","Rusini":"10.0","Rusini, %":"0.01","Slovaci":"212.0","Slovaci, %":"0.12","Slovenci":"123.0","Slovenci, %":"0.07","Srbi":"21002.0","Srbi, %":"12.18","Talijani":"183.0","Talijani, %":"0.11","Turci":"5.0","Turci, %":"0.0","Ukrajinci":"257.0","Ukrajinci, %":"0.15","Vlasi":"1.0","Vlasi, %":"0.0","Židovi":"10.0","Židovi, %":"0.01","Ostali":"160.0","Ostali, %":"0.09","Regionalna pripadnost":"13.0","Regionalna pripadnost, %":"0.01","Izjasnili se u smislu vjerske pripadnosti":"974.0","Izjasnili se u smislu vjerske pripadnosti, %":"0.56","Neraspoređeno":"14.0","Neraspoređeno, %":"0.01","Ne izjašnjavaju se":"1611.0","Ne izjašnjavaju se, %":"0.93","Nepoznato":"259.0","Nepoznato, %":"0.15"},{"_id":71,"Ime županije":"Sisačko-moslavačka","Grad ili općina":"Grad","Ime grada/općine":"Glina","Ukupno":9283,"Ukupno, %":100,"Hrvati":6468,"Hrvati, %":69.68000000000000682121026329696178436279296875,"Albanci":"38.0","Albanci, %":"0.41","Austrijanci":"-","Austrijanci, %":"-","Bošnjaci":"11.0","Bošnjaci, %":"0.12","Bugari":"-","Bugari, %":"-","Crnogorci":"5.0","Crnogorci, %":"0.05","Česi":"-","Česi, %":"-","Mađari":"1.0","Mađari, %":"0.01","Makedonci":"13.0","Makedonci, %":"0.14","Nijemci":"5.0","Nijemci, %":"0.05","Poljaci":"2.0","Poljaci, %":"0.02","Romi":"32.0","Romi, %":"0.34","Rumunji":"-","Rumunji, %":"-","Rusi":"5.0","Rusi, %":"0.05","Rusini":"2.0","Rusini, %":"0.02","Slovaci":"1.0","Slovaci, %":"0.01","Slovenci":"4.0","Slovenci, %":"0.04","Srbi":"2549.0","Srbi, %":"27.46","Talijani":"-","Talijani, %":"-","Turci":"-","Turci, %":"-","Ukrajinci":"2.0","Ukrajinci, %":"0.02","Vlasi":"-","Vlasi, %":"-","Židovi":"5.0","Židovi, %":"0.05","Ostali":"14.0","Ostali, %":"0.15","Regionalna pripadnost":"2.0","Regionalna pripadnost, %":"0.02","Izjasnili se u smislu vjerske pripadnosti":"32.0","Izjasnili se u smislu vjerske pripadnosti, %":"0.34","Neraspoređeno":"1.0","Neraspoređeno, %":"0.01","Ne izjašnjavaju se":"66.0","Ne izjašnjavaju se, %":"0.71","Nepoznato":"25.0","Nepoznato, %":"0.27"},{"_id":72,"Ime županije":"Sisačko-moslavačka","Grad ili općina":"Grad","Ime grada/općine":"Hrvatska Kostajnica","Ukupno":2756,"Ukupno, %":100,"Hrvati":1911,"Hrvati, %":69.340000000000003410605131648480892181396484375,"Albanci":"14.0","Albanci, %":"0.51","Austrijanci":"1.0","Austrijanci, %":"0.04","Bošnjaci":"45.0","Bošnjaci, %":"1.63","Bugari":"-","Bugari, %":"-","Crnogorci":"1.0","Crnogorci, %":"0.04","Česi":"-","Česi, %":"-","Mađari":"2.0","Mađari, %":"0.07","Makedonci":"3.0","Makedonci, %":"0.11","Nijemci":"-","Nijemci, %":"-","Poljaci":"1.0","Poljaci, %":"0.04","Romi":"7.0","Romi, %":"0.25","Rumunji":"1.0","Rumunji, %":"0.04","Rusi":"3.0","Rusi, %":"0.11","Rusini":"-","Rusini, %":"-","Slovaci":"1.0","Slovaci, %":"0.04","Slovenci":"3.0","Slovenci, %":"0.11","Srbi":"690.0","Srbi, %":"25.04","Talijani":"-","Talijani, %":"-","Turci":"-","Turci, %":"-","Ukrajinci":"-","Ukrajinci, %":"-","Vlasi":"-","Vlasi, %":"-","Židovi":"-","Židovi, %":"-","Ostali":"-","Ostali, %":"-","Regionalna pripadnost":"-","Regionalna pripadnost, %":"-","Izjasnili se u smislu vjerske pripadnosti":"40.0","Izjasnili se u smislu vjerske pripadnosti, %":"1.45","Neraspoređeno":"-","Neraspoređeno, %":"-","Ne izjašnjavaju se":"33.0","Ne izjašnjavaju se, %":"1.2","Nepoznato":"-","Nepoznato, %":"-"},{"_id":73,"Ime županije":"Sisačko-moslavačka","Grad ili općina":"Grad","Ime grada/općine":"Kutina","Ukupno":22760,"Ukupno, %":100,"Hrvati":19704,"Hrvati, %":86.56999999999999317878973670303821563720703125,"Albanci":"112.0","Albanci, %":"0.49","Austrijanci":"1.0","Austrijanci, %":"0.0","Bošnjaci":"73.0","Bošnjaci, %":"0.32","Bugari":"2.0","Bugari, %":"0.01","Crnogorci":"14.0","Crnogorci, %":"0.06","Česi":"314.0","Česi, %":"1.38","Mađari":"49.0","Mađari, %":"0.22","Makedonci":"17.0","Makedonci, %":"0.07","Nijemci":"13.0","Nijemci, %":"0.06","Poljaci":"4.0","Poljaci, %":"0.02","Romi":"340.0","Romi, %":"1.49","Rumunji":"4.0","Rumunji, %":"0.02","Rusi":"1.0","Rusi, %":"0.0","Rusini":"3.0","Rusini, %":"0.01","Slovaci":"79.0","Slovaci, %":"0.35","Slovenci":"20.0","Slovenci, %":"0.09","Srbi":"1490.0","Srbi, %":"6.55","Talijani":"86.0","Talijani, %":"0.38","Turci":"2.0","Turci, %":"0.01","Ukrajinci":"25.0","Ukrajinci, %":"0.11","Vlasi":"-","Vlasi, %":"-","Židovi":"-","Židovi, %":"-","Ostali":"32.0","Ostali, %":"0.14","Regionalna pripadnost":"3.0","Regionalna pripadnost, %":"0.01","Izjasnili se u smislu vjerske pripadnosti":"95.0","Izjasnili se u smislu vjerske pripadnosti, %":"0.42","Neraspoređeno":"-","Neraspoređeno, %":"-","Ne izjašnjavaju se":"248.0","Ne izjašnjavaju se, %":"1.09","Nepoznato":"29.0","Nepoznato, %":"0.13"},{"_id":74,"Ime županije":"Sisačko-moslavačka","Grad ili općina":"Grad","Ime grada/općine":"Novska","Ukupno":13518,"Ukupno, %":100,"Hrvati":12388,"Hrvati, %":91.6400000000000005684341886080801486968994140625,"Albanci":"67.0","Albanci, %":"0.5","Austrijanci":"-","Austrijanci, %":"-","Bošnjaci":"14.0","Bošnjaci, %":"0.1","Bugari":"-","Bugari, %":"-","Crnogorci":"3.0","Crnogorci, %":"0.02","Česi":"32.0","Česi, %":"0.24","Mađari":"9.0","Mađari, %":"0.07","Makedonci":"1.0","Makedonci, %":"0.01","Nijemci":"4.0","Nijemci, %":"0.03","Poljaci":"-","Poljaci, %":"-","Romi":"170.0","Romi, %":"1.26","Rumunji":"2.0","Rumunji, %":"0.01","Rusi":"-","Rusi, %":"-","Rusini":"-","Rusini, %":"-","Slovaci":"-","Slovaci, %":"-","Slovenci":"3.0","Slovenci, %":"0.02","Srbi":"641.0","Srbi, %":"4.74","Talijani":"8.0","Talijani, %":"0.06","Turci":"-","Turci, %":"-","Ukrajinci":"45.0","Ukrajinci, %":"0.33","Vlasi":"-","Vlasi, %":"-","Židovi":"-","Židovi, %":"-","Ostali":"8.0","Ostali, %":"0.06","Regionalna pripadnost":"2.0","Regionalna pripadnost, %":"0.01","Izjasnili se u smislu vjerske pripadnosti":"41.0","Izjasnili se u smislu vjerske pripadnosti, %":"0.3","Neraspoređeno":"-","Neraspoređeno, %":"-","Ne izjašnjavaju se":"64.0","Ne izjašnjavaju se, %":"0.47","Nepoznato":"16.0","Nepoznato, %":"0.12"},{"_id":75,"Ime županije":"Sisačko-moslavačka","Grad ili općina":"Grad","Ime grada/općine":"Petrinja","Ukupno":24671,"Ukupno, %":100,"Hrvati":20925,"Hrvati, %":84.81999999999999317878973670303821563720703125,"Albanci":"58.0","Albanci, %":"0.24","Austrijanci":"-","Austrijanci, %":"-","Bošnjaci":"386.0","Bošnjaci, %":"1.56","Bugari":"2.0","Bugari, %":"0.01","Crnogorci":"6.0","Crnogorci, %":"0.02","Česi":"17.0","Česi, %":"0.07","Mađari":"12.0","Mađari, %":"0.05","Makedonci":"20.0","Makedonci, %":"0.08","Nijemci":"6.0","Nijemci, %":"0.02","Poljaci":"1.0","Poljaci, %":"0.0","Romi":"30.0","Romi, %":"0.12","Rumunji":"1.0","Rumunji, %":"0.0","Rusi":"3.0","Rusi, %":"0.01","Rusini":"-","Rusini, %":"-","Slovaci":"6.0","Slovaci, %":"0.02","Slovenci":"11.0","Slovenci, %":"0.04","Srbi":"2710.0","Srbi, %":"10.98","Talijani":"8.0","Talijani, %":"0.03","Turci":"1.0","Turci, %":"0.0","Ukrajinci":"8.0","Ukrajinci, %":"0.03","Vlasi":"-","Vlasi, %":"-","Židovi":"-","Židovi, %":"-","Ostali":"27.0","Ostali, %":"0.11","Regionalna pripadnost":"-","Regionalna pripadnost, %":"-","Izjasnili se u smislu vjerske pripadnosti":"110.0","Izjasnili se u smislu vjerske pripadnosti, %":"0.45","Neraspoređeno":"1.0","Neraspoređeno, %":"0.0","Ne izjašnjavaju se":"289.0","Ne izjašnjavaju se, %":"1.17","Nepoznato":"33.0","Nepoznato, %":"0.13"},{"_id":76,"Ime županije":"Sisačko-moslavačka","Grad ili općina":"Grad","Ime grada/općine":"Sisak","Ukupno":47768,"Ukupno, %":100,"Hrvati":40590,"Hrvati, %":84.969999999999998863131622783839702606201171875,"Albanci":"179.0","Albanci, %":"0.37","Austrijanci":"-","Austrijanci, %":"-","Bošnjaci":"1646.0","Bošnjaci, %":"3.45","Bugari":"1.0","Bugari, %":"0.0","Crnogorci":"29.0","Crnogorci, %":"0.06","Česi":"96.0","Česi, %":"0.2","Mađari":"22.0","Mađari, %":"0.05","Makedonci":"53.0","Makedonci, %":"0.11","Nijemci":"15.0","Nijemci, %":"0.03","Poljaci":"6.0","Poljaci, %":"0.01","Romi":"648.0","Romi, %":"1.36","Rumunji":"-","Rumunji, %":"-","Rusi":"9.0","Rusi, %":"0.02","Rusini":"2.0","Rusini, %":"0.0","Slovaci":"13.0","Slovaci, %":"0.03","Slovenci":"61.0","Slovenci, %":"0.13","Srbi":"3071.0","Srbi, %":"6.43","Talijani":"10.0","Talijani, %":"0.02","Turci":"1.0","Turci, %":"0.0","Ukrajinci":"20.0","Ukrajinci, %":"0.04","Vlasi":"-","Vlasi, %":"-","Židovi":"5.0","Židovi, %":"0.01","Ostali":"44.0","Ostali, %":"0.09","Regionalna pripadnost":"5.0","Regionalna pripadnost, %":"0.01","Izjasnili se u smislu vjerske pripadnosti":"504.0","Izjasnili se u smislu vjerske pripadnosti, %":"1.06","Neraspoređeno":"9.0","Neraspoređeno, %":"0.02","Ne izjašnjavaju se":"615.0","Ne izjašnjavaju se, %":"1.29","Nepoznato":"114.0","Nepoznato, %":"0.24"},{"_id":77,"Ime županije":"Sisačko-moslavačka","Grad ili općina":"Općina","Ime grada/općine":"Donji Kukuruzari","Ukupno":1634,"Ukupno, %":100,"Hrvati":1053,"Hrvati, %":64.43999999999999772626324556767940521240234375,"Albanci":"-","Albanci, %":"-","Austrijanci":"-","Austrijanci, %":"-","Bošnjaci":"1.0","Bošnjaci, %":"0.06","Bugari":"-","Bugari, %":"-","Crnogorci":"2.0","Crnogorci, %":"0.12","Česi":"-","Česi, %":"-","Mađari":"-","Mađari, %":"-","Makedonci":"-","Makedonci, %":"-","Nijemci":"-","Nijemci, %":"-","Poljaci":"-","Poljaci, %":"-","Romi":"-","Romi, %":"-","Rumunji":"-","Rumunji, %":"-","Rusi":"-","Rusi, %":"-","Rusini":"-","Rusini, %":"-","Slovaci":"-","Slovaci, %":"-","Slovenci":"2.0","Slovenci, %":"0.12","Srbi":"569.0","Srbi, %":"34.82","Talijani":"-","Talijani, %":"-","Turci":"-","Turci, %":"-","Ukrajinci":"-","Ukrajinci, %":"-","Vlasi":"-","Vlasi, %":"-","Židovi":"-","Židovi, %":"-","Ostali":"-","Ostali, %":"-","Regionalna pripadnost":"-","Regionalna pripadnost, %":"-","Izjasnili se u smislu vjerske pripadnosti":"1.0","Izjasnili se u smislu vjerske pripadnosti, %":"0.06","Neraspoređeno":"-","Neraspoređeno, %":"-","Ne izjašnjavaju se":"6.0","Ne izjašnjavaju se, %":"0.37","Nepoznato":"-","Nepoznato, %":"-"},{"_id":78,"Ime županije":"Sisačko-moslavačka","Grad ili općina":"Općina","Ime grada/općine":"Dvor","Ukupno":5570,"Ukupno, %":100,"Hrvati":1440,"Hrvati, %":25.85000000000000142108547152020037174224853515625,"Albanci":"-","Albanci, %":"-","Austrijanci":"1.0","Austrijanci, %":"0.02","Bošnjaci":"11.0","Bošnjaci, %":"0.2","Bugari":"-","Bugari, %":"-","Crnogorci":"-","Crnogorci, %":"-","Česi":"2.0","Česi, %":"0.04","Mađari":"3.0","Mađari, %":"0.05","Makedonci":"-","Makedonci, %":"-","Nijemci":"-","Nijemci, %":"-","Poljaci":"1.0","Poljaci, %":"0.02","Romi":"1.0","Romi, %":"0.02","Rumunji":"1.0","Rumunji, %":"0.02","Rusi":"-","Rusi, %":"-","Rusini":"-","Rusini, %":"-","Slovaci":"-","Slovaci, %":"-","Slovenci":"3.0","Slovenci, %":"0.05","Srbi":"4005.0","Srbi, %":"71.9","Talijani":"-","Talijani, %":"-","Turci":"-","Turci, %":"-","Ukrajinci":"-","Ukrajinci, %":"-","Vlasi":"-","Vlasi, %":"-","Židovi":"-","Židovi, %":"-","Ostali":"-","Ostali, %":"-","Regionalna pripadnost":"-","Regionalna pripadnost, %":"-","Izjasnili se u smislu vjerske pripadnosti":"15.0","Izjasnili se u smislu vjerske pripadnosti, %":"0.27","Neraspoređeno":"1.0","Neraspoređeno, %":"0.02","Ne izjašnjavaju se":"80.0","Ne izjašnjavaju se, %":"1.44","Nepoznato":"6.0","Nepoznato, %":"0.11"},{"_id":79,"Ime županije":"Sisačko-moslavačka","Grad ili općina":"Općina","Ime grada/općine":"Gvozd","Ukupno":2970,"Ukupno, %":100,"Hrvati":951,"Hrvati, %":32.02000000000000312638803734444081783294677734375,"Albanci":"-","Albanci, %":"-","Austrijanci":"-","Austrijanci, %":"-","Bošnjaci":"3.0","Bošnjaci, %":"0.1","Bugari":"1.0","Bugari, %":"0.03","Crnogorci":"2.0","Crnogorci, %":"0.07","Česi":"-","Česi, %":"-","Mađari":"-","Mađari, %":"-","Makedonci":"6.0","Makedonci, %":"0.2","Nijemci":"-","Nijemci, %":"-","Poljaci":"-","Poljaci, %":"-","Romi":"-","Romi, %":"-","Rumunji":"-","Rumunji, %":"-","Rusi":"-","Rusi, %":"-","Rusini":"-","Rusini, %":"-","Slovaci":"-","Slovaci, %":"-","Slovenci":"-","Slovenci, %":"-","Srbi":"1976.0","Srbi, %":"66.53","Talijani":"-","Talijani, %":"-","Turci":"-","Turci, %":"-","Ukrajinci":"1.0","Ukrajinci, %":"0.03","Vlasi":"-","Vlasi, %":"-","Židovi":"-","Židovi, %":"-","Ostali":"3.0","Ostali, %":"0.1","Regionalna pripadnost":"-","Regionalna pripadnost, %":"-","Izjasnili se u smislu vjerske pripadnosti":"6.0","Izjasnili se u smislu vjerske pripadnosti, %":"0.2","Neraspoređeno":"-","Neraspoređeno, %":"-","Ne izjašnjavaju se":"19.0","Ne izjašnjavaju se, %":"0.64","Nepoznato":"2.0","Nepoznato, %":"0.07"},{"_id":80,"Ime županije":"Sisačko-moslavačka","Grad ili općina":"Općina","Ime grada/općine":"Hrvatska Dubica","Ukupno":2089,"Ukupno, %":100,"Hrvati":1573,"Hrvati, %":75.2999999999999971578290569595992565155029296875,"Albanci":"-","Albanci, %":"-","Austrijanci":"-","Austrijanci, %":"-","Bošnjaci":"19.0","Bošnjaci, %":"0.91","Bugari":"-","Bugari, %":"-","Crnogorci":"1.0","Crnogorci, %":"0.05","Česi":"-","Česi, %":"-","Mađari":"-","Mađari, %":"-","Makedonci":"1.0","Makedonci, %":"0.05","Nijemci":"-","Nijemci, %":"-","Poljaci":"-","Poljaci, %":"-","Romi":"-","Romi, %":"-","Rumunji":"-","Rumunji, %":"-","Rusi":"1.0","Rusi, %":"0.05","Rusini":"-","Rusini, %":"-","Slovaci":"-","Slovaci, %":"-","Slovenci":"1.0","Slovenci, %":"0.05","Srbi":"468.0","Srbi, %":"22.4","Talijani":"-","Talijani, %":"-","Turci":"-","Turci, %":"-","Ukrajinci":"-","Ukrajinci, %":"-","Vlasi":"-","Vlasi, %":"-","Židovi":"-","Židovi, %":"-","Ostali":"1.0","Ostali, %":"0.05","Regionalna pripadnost":"-","Regionalna pripadnost, %":"-","Izjasnili se u smislu vjerske pripadnosti":"6.0","Izjasnili se u smislu vjerske pripadnosti, %":"0.29","Neraspoređeno":"-","Neraspoređeno, %":"-","Ne izjašnjavaju se":"18.0","Ne izjašnjavaju se, %":"0.86","Nepoznato":"-","Nepoznato, %":"-"},{"_id":81,"Ime županije":"Sisačko-moslavačka","Grad ili općina":"Općina","Ime grada/općine":"Jasenovac","Ukupno":1997,"Ukupno, %":100,"Hrvati":1807,"Hrvati, %":90.4899999999999948840923025272786617279052734375,"Albanci":"8.0","Albanci, %":"0.4","Austrijanci":"-","Austrijanci, %":"-","Bošnjaci":"9.0","Bošnjaci, %":"0.45","Bugari":"-","Bugari, %":"-","Crnogorci":"2.0","Crnogorci, %":"0.1","Česi":"-","Česi, %":"-","Mađari":"1.0","Mađari, %":"0.05","Makedonci":"1.0","Makedonci, %":"0.05","Nijemci":"-","Nijemci, %":"-","Poljaci":"-","Poljaci, %":"-","Romi":"-","Romi, %":"-","Rumunji":"-","Rumunji, %":"-","Rusi":"-","Rusi, %":"-","Rusini":"-","Rusini, %":"-","Slovaci":"-","Slovaci, %":"-","Slovenci":"1.0","Slovenci, %":"0.05","Srbi":"152.0","Srbi, %":"7.61","Talijani":"-","Talijani, %":"-","Turci":"-","Turci, %":"-","Ukrajinci":"1.0","Ukrajinci, %":"0.05","Vlasi":"-","Vlasi, %":"-","Židovi":"-","Židovi, %":"-","Ostali":"1.0","Ostali, %":"0.05","Regionalna pripadnost":"-","Regionalna pripadnost, %":"-","Izjasnili se u smislu vjerske pripadnosti":"-","Izjasnili se u smislu vjerske pripadnosti, %":"-","Neraspoređeno":"-","Neraspoređeno, %":"-","Ne izjašnjavaju se":"14.0","Ne izjašnjavaju se, %":"0.7","Nepoznato":"-","Nepoznato, %":"-"},{"_id":82,"Ime županije":"Sisačko-moslavačka","Grad ili općina":"Općina","Ime grada/općine":"Lekenik","Ukupno":6032,"Ukupno, %":100,"Hrvati":5884,"Hrvati, %":97.5499999999999971578290569595992565155029296875,"Albanci":"3.0","Albanci, %":"0.05","Austrijanci":"1.0","Austrijanci, %":"0.02","Bošnjaci":"47.0","Bošnjaci, %":"0.78","Bugari":"-","Bugari, %":"-","Crnogorci":"1.0","Crnogorci, %":"0.02","Česi":"1.0","Česi, %":"0.02","Mađari":"-","Mađari, %":"-","Makedonci":"1.0","Makedonci, %":"0.02","Nijemci":"1.0","Nijemci, %":"0.02","Poljaci":"-","Poljaci, %":"-","Romi":"5.0","Romi, %":"0.08","Rumunji":"-","Rumunji, %":"-","Rusi":"-","Rusi, %":"-","Rusini":"-","Rusini, %":"-","Slovaci":"1.0","Slovaci, %":"0.02","Slovenci":"3.0","Slovenci, %":"0.05","Srbi":"56.0","Srbi, %":"0.93","Talijani":"1.0","Talijani, %":"0.02","Turci":"-","Turci, %":"-","Ukrajinci":"1.0","Ukrajinci, %":"0.02","Vlasi":"-","Vlasi, %":"-","Židovi":"-","Židovi, %":"-","Ostali":"3.0","Ostali, %":"0.05","Regionalna pripadnost":"-","Regionalna pripadnost, %":"-","Izjasnili se u smislu vjerske pripadnosti":"12.0","Izjasnili se u smislu vjerske pripadnosti, %":"0.2","Neraspoređeno":"-","Neraspoređeno, %":"-","Ne izjašnjavaju se":"10.0","Ne izjašnjavaju se, %":"0.17","Nepoznato":"1.0","Nepoznato, %":"0.02"},{"_id":83,"Ime županije":"Sisačko-moslavačka","Grad ili općina":"Općina","Ime grada/općine":"Lipovljani","Ukupno":3455,"Ukupno, %":100,"Hrvati":3022,"Hrvati, %":87.469999999999998863131622783839702606201171875,"Albanci":"6.0","Albanci, %":"0.17","Austrijanci":"1.0","Austrijanci, %":"0.03","Bošnjaci":"7.0","Bošnjaci, %":"0.2","Bugari":"-","Bugari, %":"-","Crnogorci":"-","Crnogorci, %":"-","Česi":"88.0","Česi, %":"2.55","Mađari":"7.0","Mađari, %":"0.2","Makedonci":"1.0","Makedonci, %":"0.03","Nijemci":"1.0","Nijemci, %":"0.03","Poljaci":"-","Poljaci, %":"-","Romi":"-","Romi, %":"-","Rumunji":"-","Rumunji, %":"-","Rusi":"-","Rusi, %":"-","Rusini":"2.0","Rusini, %":"0.06","Slovaci":"106.0","Slovaci, %":"3.07","Slovenci":"2.0","Slovenci, %":"0.06","Srbi":"34.0","Srbi, %":"0.98","Talijani":"8.0","Talijani, %":"0.23","Turci":"-","Turci, %":"-","Ukrajinci":"148.0","Ukrajinci, %":"4.28","Vlasi":"-","Vlasi, %":"-","Židovi":"-","Židovi, %":"-","Ostali":"4.0","Ostali, %":"0.12","Regionalna pripadnost":"-","Regionalna pripadnost, %":"-","Izjasnili se u smislu vjerske pripadnosti":"9.0","Izjasnili se u smislu vjerske pripadnosti, %":"0.26","Neraspoređeno":"-","Neraspoređeno, %":"-","Ne izjašnjavaju se":"6.0","Ne izjašnjavaju se, %":"0.17","Nepoznato":"3.0","Nepoznato, %":"0.09"},{"_id":84,"Ime županije":"Sisačko-moslavačka","Grad ili općina":"Općina","Ime grada/općine":"Majur","Ukupno":1185,"Ukupno, %":100,"Hrvati":830,"Hrvati, %":70.0400000000000062527760746888816356658935546875,"Albanci":"-","Albanci, %":"-","Austrijanci":"1.0","Austrijanci, %":"0.08","Bošnjaci":"-","Bošnjaci, %":"-","Bugari":"-","Bugari, %":"-","Crnogorci":"-","Crnogorci, %":"-","Česi":"-","Česi, %":"-","Mađari":"-","Mađari, %":"-","Makedonci":"-","Makedonci, %":"-","Nijemci":"1.0","Nijemci, %":"0.08","Poljaci":"-","Poljaci, %":"-","Romi":"-","Romi, %":"-","Rumunji":"-","Rumunji, %":"-","Rusi":"-","Rusi, %":"-","Rusini":"-","Rusini, %":"-","Slovaci":"-","Slovaci, %":"-","Slovenci":"1.0","Slovenci, %":"0.08","Srbi":"323.0","Srbi, %":"27.26","Talijani":"-","Talijani, %":"-","Turci":"-","Turci, %":"-","Ukrajinci":"-","Ukrajinci, %":"-","Vlasi":"-","Vlasi, %":"-","Židovi":"-","Židovi, %":"-","Ostali":"1.0","Ostali, %":"0.08","Regionalna pripadnost":"-","Regionalna pripadnost, %":"-","Izjasnili se u smislu vjerske pripadnosti":"21.0","Izjasnili se u smislu vjerske pripadnosti, %":"1.77","Neraspoređeno":"-","Neraspoređeno, %":"-","Ne izjašnjavaju se":"3.0","Ne izjašnjavaju se, %":"0.25","Nepoznato":"4.0","Nepoznato, %":"0.34"},{"_id":85,"Ime županije":"Sisačko-moslavačka","Grad ili općina":"Općina","Ime grada/općine":"Martinska Ves","Ukupno":3488,"Ukupno, %":100,"Hrvati":3436,"Hrvati, %":98.5100000000000051159076974727213382720947265625,"Albanci":"-","Albanci, %":"-","Austrijanci":"-","Austrijanci, %":"-","Bošnjaci":"11.0","Bošnjaci, %":"0.32","Bugari":"-","Bugari, %":"-","Crnogorci":"-","Crnogorci, %":"-","Česi":"-","Česi, %":"-","Mađari":"3.0","Mađari, %":"0.09","Makedonci":"-","Makedonci, %":"-","Nijemci":"2.0","Nijemci, %":"0.06","Poljaci":"-","Poljaci, %":"-","Romi":"2.0","Romi, %":"0.06","Rumunji":"2.0","Rumunji, %":"0.06","Rusi":"-","Rusi, %":"-","Rusini":"-","Rusini, %":"-","Slovaci":"-","Slovaci, %":"-","Slovenci":"1.0","Slovenci, %":"0.03","Srbi":"19.0","Srbi, %":"0.54","Talijani":"-","Talijani, %":"-","Turci":"-","Turci, %":"-","Ukrajinci":"-","Ukrajinci, %":"-","Vlasi":"-","Vlasi, %":"-","Židovi":"-","Židovi, %":"-","Ostali":"1.0","Ostali, %":"0.03","Regionalna pripadnost":"-","Regionalna pripadnost, %":"-","Izjasnili se u smislu vjerske pripadnosti":"3.0","Izjasnili se u smislu vjerske pripadnosti, %":"0.09","Neraspoređeno":"-","Neraspoređeno, %":"-","Ne izjašnjavaju se":"2.0","Ne izjašnjavaju se, %":"0.06","Nepoznato":"6.0","Nepoznato, %":"0.17"},{"_id":86,"Ime županije":"Sisačko-moslavačka","Grad ili općina":"Općina","Ime grada/općine":"Popovača","Ukupno":11905,"Ukupno, %":100,"Hrvati":11392,"Hrvati, %":95.68999999999999772626324556767940521240234375,"Albanci":"60.0","Albanci, %":"0.5","Austrijanci":"3.0","Austrijanci, %":"0.03","Bošnjaci":"17.0","Bošnjaci, %":"0.14","Bugari":"-","Bugari, %":"-","Crnogorci":"1.0","Crnogorci, %":"0.01","Česi":"12.0","Česi, %":"0.1","Mađari":"8.0","Mađari, %":"0.07","Makedonci":"2.0","Makedonci, %":"0.02","Nijemci":"2.0","Nijemci, %":"0.02","Poljaci":"2.0","Poljaci, %":"0.02","Romi":"187.0","Romi, %":"1.57","Rumunji":"-","Rumunji, %":"-","Rusi":"9.0","Rusi, %":"0.08","Rusini":"1.0","Rusini, %":"0.01","Slovaci":"3.0","Slovaci, %":"0.03","Slovenci":"4.0","Slovenci, %":"0.03","Srbi":"67.0","Srbi, %":"0.56","Talijani":"62.0","Talijani, %":"0.52","Turci":"-","Turci, %":"-","Ukrajinci":"3.0","Ukrajinci, %":"0.03","Vlasi":"1.0","Vlasi, %":"0.01","Židovi":"-","Židovi, %":"-","Ostali":"11.0","Ostali, %":"0.09","Regionalna pripadnost":"1.0","Regionalna pripadnost, %":"0.01","Izjasnili se u smislu vjerske pripadnosti":"19.0","Izjasnili se u smislu vjerske pripadnosti, %":"0.16","Neraspoređeno":"-","Neraspoređeno, %":"-","Ne izjašnjavaju se":"29.0","Ne izjašnjavaju se, %":"0.24","Nepoznato":"9.0","Nepoznato, %":"0.08"},{"_id":87,"Ime županije":"Sisačko-moslavačka","Grad ili općina":"Općina","Ime grada/općine":"Sunja","Ukupno":5748,"Ukupno, %":100,"Hrvati":4264,"Hrvati, %":74.18000000000000682121026329696178436279296875,"Albanci":"12.0","Albanci, %":"0.21","Austrijanci":"-","Austrijanci, %":"-","Bošnjaci":"24.0","Bošnjaci, %":"0.42","Bugari":"-","Bugari, %":"-","Crnogorci":"-","Crnogorci, %":"-","Česi":"3.0","Česi, %":"0.05","Mađari":"2.0","Mađari, %":"0.03","Makedonci":"4.0","Makedonci, %":"0.07","Nijemci":"2.0","Nijemci, %":"0.03","Poljaci":"1.0","Poljaci, %":"0.02","Romi":"28.0","Romi, %":"0.49","Rumunji":"-","Rumunji, %":"-","Rusi":"1.0","Rusi, %":"0.02","Rusini":"-","Rusini, %":"-","Slovaci":"1.0","Slovaci, %":"0.02","Slovenci":"1.0","Slovenci, %":"0.02","Srbi":"1280.0","Srbi, %":"22.27","Talijani":"-","Talijani, %":"-","Turci":"-","Turci, %":"-","Ukrajinci":"3.0","Ukrajinci, %":"0.05","Vlasi":"-","Vlasi, %":"-","Židovi":"-","Židovi, %":"-","Ostali":"6.0","Ostali, %":"0.1","Regionalna pripadnost":"-","Regionalna pripadnost, %":"-","Izjasnili se u smislu vjerske pripadnosti":"42.0","Izjasnili se u smislu vjerske pripadnosti, %":"0.73","Neraspoređeno":"1.0","Neraspoređeno, %":"0.02","Ne izjašnjavaju se":"72.0","Ne izjašnjavaju se, %":"1.25","Nepoznato":"1.0","Nepoznato, %":"0.02"},{"_id":88,"Ime županije":"Sisačko-moslavačka","Grad ili općina":"Općina","Ime grada/općine":"Topusko","Ukupno":2985,"Ukupno, %":100,"Hrvati":1865,"Hrvati, %":62.47999999999999687361196265555918216705322265625,"Albanci":"15.0","Albanci, %":"0.5","Austrijanci":"-","Austrijanci, %":"-","Bošnjaci":"139.0","Bošnjaci, %":"4.66","Bugari":"-","Bugari, %":"-","Crnogorci":"1.0","Crnogorci, %":"0.03","Česi":"-","Česi, %":"-","Mađari":"1.0","Mađari, %":"0.03","Makedonci":"3.0","Makedonci, %":"0.1","Nijemci":"1.0","Nijemci, %":"0.03","Poljaci":"-","Poljaci, %":"-","Romi":"-","Romi, %":"-","Rumunji":"-","Rumunji, %":"-","Rusi":"-","Rusi, %":"-","Rusini":"-","Rusini, %":"-","Slovaci":"-","Slovaci, %":"-","Slovenci":"2.0","Slovenci, %":"0.07","Srbi":"893.0","Srbi, %":"29.92","Talijani":"-","Talijani, %":"-","Turci":"-","Turci, %":"-","Ukrajinci":"-","Ukrajinci, %":"-","Vlasi":"-","Vlasi, %":"-","Židovi":"-","Židovi, %":"-","Ostali":"3.0","Ostali, %":"0.1","Regionalna pripadnost":"-","Regionalna pripadnost, %":"-","Izjasnili se u smislu vjerske pripadnosti":"18.0","Izjasnili se u smislu vjerske pripadnosti, %":"0.6","Neraspoređeno":"-","Neraspoređeno, %":"-","Ne izjašnjavaju se":"35.0","Ne izjašnjavaju se, %":"1.17","Nepoznato":"9.0","Nepoznato, %":"0.3"},{"_id":89,"Ime županije":"Sisačko-moslavačka","Grad ili općina":"Općina","Ime grada/općine":"Velika Ludina","Ukupno":2625,"Ukupno, %":100,"Hrvati":2574,"Hrvati, %":98.06000000000000227373675443232059478759765625,"Albanci":"4.0","Albanci, %":"0.15","Austrijanci":"-","Austrijanci, %":"-","Bošnjaci":"1.0","Bošnjaci, %":"0.04","Bugari":"-","Bugari, %":"-","Crnogorci":"-","Crnogorci, %":"-","Česi":"13.0","Česi, %":"0.5","Mađari":"2.0","Mađari, %":"0.08","Makedonci":"-","Makedonci, %":"-","Nijemci":"1.0","Nijemci, %":"0.04","Poljaci":"1.0","Poljaci, %":"0.04","Romi":"13.0","Romi, %":"0.5","Rumunji":"-","Rumunji, %":"-","Rusi":"-","Rusi, %":"-","Rusini":"-","Rusini, %":"-","Slovaci":"1.0","Slovaci, %":"0.04","Slovenci":"-","Slovenci, %":"-","Srbi":"9.0","Srbi, %":"0.34","Talijani":"-","Talijani, %":"-","Turci":"1.0","Turci, %":"0.04","Ukrajinci":"-","Ukrajinci, %":"-","Vlasi":"-","Vlasi, %":"-","Židovi":"-","Židovi, %":"-","Ostali":"1.0","Ostali, %":"0.04","Regionalna pripadnost":"-","Regionalna pripadnost, %":"-","Izjasnili se u smislu vjerske pripadnosti":"-","Izjasnili se u smislu vjerske pripadnosti, %":"-","Neraspoređeno":"1.0","Neraspoređeno, %":"0.04","Ne izjašnjavaju se":"2.0","Ne izjašnjavaju se, %":"0.08","Nepoznato":"1.0","Nepoznato, %":"0.04"},{"_id":90,"Ime županije":"Karlovačka","Grad ili općina":"","Ime grada/općine":" ","Ukupno":128899,"Ukupno, %":100,"Hrvati":110996,"Hrvati, %":86.1099999999999994315658113919198513031005859375,"Albanci":"340.0","Albanci, %":"0.26","Austrijanci":"2.0","Austrijanci, %":"0.0","Bošnjaci":"986.0","Bošnjaci, %":"0.76","Bugari":"5.0","Bugari, %":"0.0","Crnogorci":"62.0","Crnogorci, %":"0.05","Česi":"19.0","Česi, %":"0.01","Mađari":"27.0","Mađari, %":"0.02","Makedonci":"92.0","Makedonci, %":"0.07","Nijemci":"31.0","Nijemci, %":"0.02","Poljaci":"12.0","Poljaci, %":"0.01","Romi":"26.0","Romi, %":"0.02","Rumunji":"3.0","Rumunji, %":"0.0","Rusi":"27.0","Rusi, %":"0.02","Rusini":"6.0","Rusini, %":"0.0","Slovaci":"17.0","Slovaci, %":"0.01","Slovenci":"277.0","Slovenci, %":"0.21","Srbi":"13408.0","Srbi, %":"10.4","Talijani":"11.0","Talijani, %":"0.01","Turci":"5.0","Turci, %":"0.0","Ukrajinci":"20.0","Ukrajinci, %":"0.02","Vlasi":"-","Vlasi, %":"-","Židovi":"7.0","Židovi, %":"0.01","Ostali":"144.0","Ostali, %":"0.11","Regionalna pripadnost":"9.0","Regionalna pripadnost, %":"0.01","Izjasnili se u smislu vjerske pripadnosti":"773.0","Izjasnili se u smislu vjerske pripadnosti, %":"0.6","Neraspoređeno":"12.0","Neraspoređeno, %":"0.01","Ne izjašnjavaju se":"1015.0","Ne izjašnjavaju se, %":"0.79","Nepoznato":"567.0","Nepoznato, %":"0.44"},{"_id":91,"Ime županije":"Karlovačka","Grad ili općina":"Grad","Ime grada/općine":"Duga Resa","Ukupno":11180,"Ukupno, %":100,"Hrvati":10888,"Hrvati, %":97.3900000000000005684341886080801486968994140625,"Albanci":"25.0","Albanci, %":"0.22","Austrijanci":"-","Austrijanci, %":"-","Bošnjaci":"11.0","Bošnjaci, %":"0.1","Bugari":"-","Bugari, %":"-","Crnogorci":"4.0","Crnogorci, %":"0.04","Česi":"2.0","Česi, %":"0.02","Mađari":"-","Mađari, %":"-","Makedonci":"2.0","Makedonci, %":"0.02","Nijemci":"1.0","Nijemci, %":"0.01","Poljaci":"2.0","Poljaci, %":"0.02","Romi":"-","Romi, %":"-","Rumunji":"1.0","Rumunji, %":"0.01","Rusi":"-","Rusi, %":"-","Rusini":"-","Rusini, %":"-","Slovaci":"3.0","Slovaci, %":"0.03","Slovenci":"3.0","Slovenci, %":"0.03","Srbi":"187.0","Srbi, %":"1.67","Talijani":"-","Talijani, %":"-","Turci":"-","Turci, %":"-","Ukrajinci":"-","Ukrajinci, %":"-","Vlasi":"-","Vlasi, %":"-","Židovi":"1.0","Židovi, %":"0.01","Ostali":"10.0","Ostali, %":"0.09","Regionalna pripadnost":"1.0","Regionalna pripadnost, %":"0.01","Izjasnili se u smislu vjerske pripadnosti":"5.0","Izjasnili se u smislu vjerske pripadnosti, %":"0.04","Neraspoređeno":"-","Neraspoređeno, %":"-","Ne izjašnjavaju se":"28.0","Ne izjašnjavaju se, %":"0.25","Nepoznato":"6.0","Nepoznato, %":"0.05"},{"_id":92,"Ime županije":"Karlovačka","Grad ili općina":"Grad","Ime grada/općine":"Karlovac","Ukupno":55705,"Ukupno, %":100,"Hrvati":49140,"Hrvati, %":88.2099999999999937472239253111183643341064453125,"Albanci":"237.0","Albanci, %":"0.43","Austrijanci":"1.0","Austrijanci, %":"0.0","Bošnjaci":"250.0","Bošnjaci, %":"0.45","Bugari":"1.0","Bugari, %":"0.0","Crnogorci":"49.0","Crnogorci, %":"0.09","Česi":"9.0","Česi, %":"0.02","Mađari":"14.0","Mađari, %":"0.03","Makedonci":"72.0","Makedonci, %":"0.13","Nijemci":"15.0","Nijemci, %":"0.03","Poljaci":"4.0","Poljaci, %":"0.01","Romi":"24.0","Romi, %":"0.04","Rumunji":"1.0","Rumunji, %":"0.0","Rusi":"14.0","Rusi, %":"0.03","Rusini":"4.0","Rusini, %":"0.01","Slovaci":"5.0","Slovaci, %":"0.01","Slovenci":"128.0","Slovenci, %":"0.23","Srbi":"4460.0","Srbi, %":"8.01","Talijani":"5.0","Talijani, %":"0.01","Turci":"-","Turci, %":"-","Ukrajinci":"13.0","Ukrajinci, %":"0.02","Vlasi":"-","Vlasi, %":"-","Židovi":"5.0","Židovi, %":"0.01","Ostali":"77.0","Ostali, %":"0.14","Regionalna pripadnost":"5.0","Regionalna pripadnost, %":"0.01","Izjasnili se u smislu vjerske pripadnosti":"280.0","Izjasnili se u smislu vjerske pripadnosti, %":"0.5","Neraspoređeno":"8.0","Neraspoređeno, %":"0.01","Ne izjašnjavaju se":"603.0","Ne izjašnjavaju se, %":"1.08","Nepoznato":"281.0","Nepoznato, %":"0.5"},{"_id":93,"Ime županije":"Karlovačka","Grad ili općina":"Grad","Ime grada/općine":"Ogulin","Ukupno":13915,"Ukupno, %":100,"Hrvati":11159,"Hrvati, %":80.18999999999999772626324556767940521240234375,"Albanci":"20.0","Albanci, %":"0.14","Austrijanci":"-","Austrijanci, %":"-","Bošnjaci":"14.0","Bošnjaci, %":"0.1","Bugari":"1.0","Bugari, %":"0.01","Crnogorci":"2.0","Crnogorci, %":"0.01","Česi":"3.0","Česi, %":"0.02","Mađari":"5.0","Mađari, %":"0.04","Makedonci":"5.0","Makedonci, %":"0.04","Nijemci":"4.0","Nijemci, %":"0.03","Poljaci":"3.0","Poljaci, %":"0.02","Romi":"-","Romi, %":"-","Rumunji":"-","Rumunji, %":"-","Rusi":"1.0","Rusi, %":"0.01","Rusini":"1.0","Rusini, %":"0.01","Slovaci":"3.0","Slovaci, %":"0.02","Slovenci":"8.0","Slovenci, %":"0.06","Srbi":"2466.0","Srbi, %":"17.72","Talijani":"1.0","Talijani, %":"0.01","Turci":"5.0","Turci, %":"0.04","Ukrajinci":"1.0","Ukrajinci, %":"0.01","Vlasi":"-","Vlasi, %":"-","Židovi":"-","Židovi, %":"-","Ostali":"15.0","Ostali, %":"0.11","Regionalna pripadnost":"1.0","Regionalna pripadnost, %":"0.01","Izjasnili se u smislu vjerske pripadnosti":"29.0","Izjasnili se u smislu vjerske pripadnosti, %":"0.21","Neraspoređeno":"2.0","Neraspoređeno, %":"0.01","Ne izjašnjavaju se":"156.0","Ne izjašnjavaju se, %":"1.12","Nepoznato":"10.0","Nepoznato, %":"0.07"},{"_id":94,"Ime županije":"Karlovačka","Grad ili općina":"Grad","Ime grada/općine":"Ozalj","Ukupno":6817,"Ukupno, %":100,"Hrvati":6604,"Hrvati, %":96.8799999999999954525264911353588104248046875,"Albanci":"4.0","Albanci, %":"0.06","Austrijanci":"1.0","Austrijanci, %":"0.01","Bošnjaci":"7.0","Bošnjaci, %":"0.1","Bugari":"-","Bugari, %":"-","Crnogorci":"1.0","Crnogorci, %":"0.01","Česi":"2.0","Česi, %":"0.03","Mađari":"1.0","Mađari, %":"0.01","Makedonci":"1.0","Makedonci, %":"0.01","Nijemci":"2.0","Nijemci, %":"0.03","Poljaci":"-","Poljaci, %":"-","Romi":"-","Romi, %":"-","Rumunji":"-","Rumunji, %":"-","Rusi":"7.0","Rusi, %":"0.1","Rusini":"-","Rusini, %":"-","Slovaci":"-","Slovaci, %":"-","Slovenci":"35.0","Slovenci, %":"0.51","Srbi":"64.0","Srbi, %":"0.94","Talijani":"-","Talijani, %":"-","Turci":"-","Turci, %":"-","Ukrajinci":"-","Ukrajinci, %":"-","Vlasi":"-","Vlasi, %":"-","Židovi":"-","Židovi, %":"-","Ostali":"9.0","Ostali, %":"0.13","Regionalna pripadnost":"-","Regionalna pripadnost, %":"-","Izjasnili se u smislu vjerske pripadnosti":"4.0","Izjasnili se u smislu vjerske pripadnosti, %":"0.06","Neraspoređeno":"-","Neraspoređeno, %":"-","Ne izjašnjavaju se":"36.0","Ne izjašnjavaju se, %":"0.53","Nepoznato":"39.0","Nepoznato, %":"0.57"},{"_id":95,"Ime županije":"Karlovačka","Grad ili općina":"Grad","Ime grada/općine":"Slunj","Ukupno":5076,"Ukupno, %":100,"Hrvati":4463,"Hrvati, %":87.9200000000000017053025658242404460906982421875,"Albanci":"25.0","Albanci, %":"0.49","Austrijanci":"-","Austrijanci, %":"-","Bošnjaci":"10.0","Bošnjaci, %":"0.2","Bugari":"-","Bugari, %":"-","Crnogorci":"1.0","Crnogorci, %":"0.02","Česi":"-","Česi, %":"-","Mađari":"3.0","Mađari, %":"0.06","Makedonci":"1.0","Makedonci, %":"0.02","Nijemci":"2.0","Nijemci, %":"0.04","Poljaci":"-","Poljaci, %":"-","Romi":"-","Romi, %":"-","Rumunji":"-","Rumunji, %":"-","Rusi":"1.0","Rusi, %":"0.02","Rusini":"-","Rusini, %":"-","Slovaci":"-","Slovaci, %":"-","Slovenci":"3.0","Slovenci, %":"0.06","Srbi":"534.0","Srbi, %":"10.52","Talijani":"-","Talijani, %":"-","Turci":"-","Turci, %":"-","Ukrajinci":"1.0","Ukrajinci, %":"0.02","Vlasi":"-","Vlasi, %":"-","Židovi":"-","Židovi, %":"-","Ostali":"1.0","Ostali, %":"0.02","Regionalna pripadnost":"-","Regionalna pripadnost, %":"-","Izjasnili se u smislu vjerske pripadnosti":"10.0","Izjasnili se u smislu vjerske pripadnosti, %":"0.2","Neraspoređeno":"-","Neraspoređeno, %":"-","Ne izjašnjavaju se":"19.0","Ne izjašnjavaju se, %":"0.37","Nepoznato":"2.0","Nepoznato, %":"0.04"},{"_id":96,"Ime županije":"Karlovačka","Grad ili općina":"Općina","Ime grada/općine":"Barilović","Ukupno":2990,"Ukupno, %":100,"Hrvati":2610,"Hrvati, %":87.2900000000000062527760746888816356658935546875,"Albanci":"1.0","Albanci, %":"0.03","Austrijanci":"-","Austrijanci, %":"-","Bošnjaci":"7.0","Bošnjaci, %":"0.23","Bugari":"-","Bugari, %":"-","Crnogorci":"-","Crnogorci, %":"-","Česi":"-","Česi, %":"-","Mađari":"-","Mađari, %":"-","Makedonci":"1.0","Makedonci, %":"0.03","Nijemci":"-","Nijemci, %":"-","Poljaci":"-","Poljaci, %":"-","Romi":"-","Romi, %":"-","Rumunji":"-","Rumunji, %":"-","Rusi":"-","Rusi, %":"-","Rusini":"-","Rusini, %":"-","Slovaci":"-","Slovaci, %":"-","Slovenci":"1.0","Slovenci, %":"0.03","Srbi":"354.0","Srbi, %":"11.84","Talijani":"-","Talijani, %":"-","Turci":"-","Turci, %":"-","Ukrajinci":"-","Ukrajinci, %":"-","Vlasi":"-","Vlasi, %":"-","Židovi":"-","Židovi, %":"-","Ostali":"1.0","Ostali, %":"0.03","Regionalna pripadnost":"-","Regionalna pripadnost, %":"-","Izjasnili se u smislu vjerske pripadnosti":"4.0","Izjasnili se u smislu vjerske pripadnosti, %":"0.13","Neraspoređeno":"-","Neraspoređeno, %":"-","Ne izjašnjavaju se":"11.0","Ne izjašnjavaju se, %":"0.37","Nepoznato":"-","Nepoznato, %":"-"},{"_id":97,"Ime županije":"Karlovačka","Grad ili općina":"Općina","Ime grada/općine":"Bosiljevo","Ukupno":1284,"Ukupno, %":100,"Hrvati":1246,"Hrvati, %":97.0400000000000062527760746888816356658935546875,"Albanci":"1.0","Albanci, %":"0.08","Austrijanci":"-","Austrijanci, %":"-","Bošnjaci":"1.0","Bošnjaci, %":"0.08","Bugari":"-","Bugari, %":"-","Crnogorci":"-","Crnogorci, %":"-","Česi":"-","Česi, %":"-","Mađari":"-","Mađari, %":"-","Makedonci":"-","Makedonci, %":"-","Nijemci":"-","Nijemci, %":"-","Poljaci":"-","Poljaci, %":"-","Romi":"-","Romi, %":"-","Rumunji":"-","Rumunji, %":"-","Rusi":"-","Rusi, %":"-","Rusini":"-","Rusini, %":"-","Slovaci":"1.0","Slovaci, %":"0.08","Slovenci":"24.0","Slovenci, %":"1.87","Srbi":"4.0","Srbi, %":"0.31","Talijani":"-","Talijani, %":"-","Turci":"-","Turci, %":"-","Ukrajinci":"-","Ukrajinci, %":"-","Vlasi":"-","Vlasi, %":"-","Židovi":"-","Židovi, %":"-","Ostali":"2.0","Ostali, %":"0.16","Regionalna pripadnost":"-","Regionalna pripadnost, %":"-","Izjasnili se u smislu vjerske pripadnosti":"4.0","Izjasnili se u smislu vjerske pripadnosti, %":"0.31","Neraspoređeno":"-","Neraspoređeno, %":"-","Ne izjašnjavaju se":"1.0","Ne izjašnjavaju se, %":"0.08","Nepoznato":"-","Nepoznato, %":"-"},{"_id":98,"Ime županije":"Karlovačka","Grad ili općina":"Općina","Ime grada/općine":"Cetingrad","Ukupno":2027,"Ukupno, %":100,"Hrvati":1510,"Hrvati, %":74.4899999999999948840923025272786617279052734375,"Albanci":"-","Albanci, %":"-","Austrijanci":"-","Austrijanci, %":"-","Bošnjaci":"314.0","Bošnjaci, %":"15.49","Bugari":"-","Bugari, %":"-","Crnogorci":"-","Crnogorci, %":"-","Česi":"-","Česi, %":"-","Mađari":"-","Mađari, %":"-","Makedonci":"2.0","Makedonci, %":"0.1","Nijemci":"-","Nijemci, %":"-","Poljaci":"-","Poljaci, %":"-","Romi":"-","Romi, %":"-","Rumunji":"-","Rumunji, %":"-","Rusi":"-","Rusi, %":"-","Rusini":"-","Rusini, %":"-","Slovaci":"-","Slovaci, %":"-","Slovenci":"-","Slovenci, %":"-","Srbi":"101.0","Srbi, %":"4.98","Talijani":"-","Talijani, %":"-","Turci":"-","Turci, %":"-","Ukrajinci":"-","Ukrajinci, %":"-","Vlasi":"-","Vlasi, %":"-","Židovi":"-","Židovi, %":"-","Ostali":"1.0","Ostali, %":"0.05","Regionalna pripadnost":"-","Regionalna pripadnost, %":"-","Izjasnili se u smislu vjerske pripadnosti":"79.0","Izjasnili se u smislu vjerske pripadnosti, %":"3.9","Neraspoređeno":"-","Neraspoređeno, %":"-","Ne izjašnjavaju se":"15.0","Ne izjašnjavaju se, %":"0.74","Nepoznato":"5.0","Nepoznato, %":"0.25"},{"_id":99,"Ime županije":"Karlovačka","Grad ili općina":"Općina","Ime grada/općine":"Draganić","Ukupno":2741,"Ukupno, %":100,"Hrvati":2630,"Hrvati, %":95.9500000000000028421709430404007434844970703125,"Albanci":"-","Albanci, %":"-","Austrijanci":"-","Austrijanci, %":"-","Bošnjaci":"14.0","Bošnjaci, %":"0.51","Bugari":"-","Bugari, %":"-","Crnogorci":"-","Crnogorci, %":"-","Česi":"-","Česi, %":"-","Mađari":"-","Mađari, %":"-","Makedonci":"1.0","Makedonci, %":"0.04","Nijemci":"-","Nijemci, %":"-","Poljaci":"-","Poljaci, %":"-","Romi":"-","Romi, %":"-","Rumunji":"-","Rumunji, %":"-","Rusi":"-","Rusi, %":"-","Rusini":"-","Rusini, %":"-","Slovaci":"-","Slovaci, %":"-","Slovenci":"3.0","Slovenci, %":"0.11","Srbi":"11.0","Srbi, %":"0.4","Talijani":"-","Talijani, %":"-","Turci":"-","Turci, %":"-","Ukrajinci":"-","Ukrajinci, %":"-","Vlasi":"-","Vlasi, %":"-","Židovi":"-","Židovi, %":"-","Ostali":"4.0","Ostali, %":"0.15","Regionalna pripadnost":"2.0","Regionalna pripadnost, %":"0.07","Izjasnili se u smislu vjerske pripadnosti":"24.0","Izjasnili se u smislu vjerske pripadnosti, %":"0.88","Neraspoređeno":"1.0","Neraspoređeno, %":"0.04","Ne izjašnjavaju se":"8.0","Ne izjašnjavaju se, %":"0.29","Nepoznato":"43.0","Nepoznato, %":"1.57"},{"_id":100,"Ime županije":"Karlovačka","Grad ili općina":"Općina","Ime grada/općine":"Generalski Stol","Ukupno":2642,"Ukupno, %":100,"Hrvati":2619,"Hrvati, %":99.1299999999999954525264911353588104248046875,"Albanci":"-","Albanci, %":"-","Austrijanci":"-","Austrijanci, %":"-","Bošnjaci":"-","Bošnjaci, %":"-","Bugari":"-","Bugari, %":"-","Crnogorci":"-","Crnogorci, %":"-","Česi":"-","Česi, %":"-","Mađari":"-","Mađari, %":"-","Makedonci":"-","Makedonci, %":"-","Nijemci":"-","Nijemci, %":"-","Poljaci":"-","Poljaci, %":"-","Romi":"-","Romi, %":"-","Rumunji":"-","Rumunji, %":"-","Rusi":"-","Rusi, %":"-","Rusini":"-","Rusini, %":"-","Slovaci":"-","Slovaci, %":"-","Slovenci":"1.0","Slovenci, %":"0.04","Srbi":"16.0","Srbi, %":"0.61","Talijani":"1.0","Talijani, %":"0.04","Turci":"-","Turci, %":"-","Ukrajinci":"-","Ukrajinci, %":"-","Vlasi":"-","Vlasi, %":"-","Židovi":"-","Židovi, %":"-","Ostali":"1.0","Ostali, %":"0.04","Regionalna pripadnost":"-","Regionalna pripadnost, %":"-","Izjasnili se u smislu vjerske pripadnosti":"1.0","Izjasnili se u smislu vjerske pripadnosti, %":"0.04","Neraspoređeno":"-","Neraspoređeno, %":"-","Ne izjašnjavaju se":"2.0","Ne izjašnjavaju se, %":"0.08","Nepoznato":"1.0","Nepoznato, %":"0.04"}], "fields": [{"id": "_id", "type": "int"}, {"id": "Ime \u017eupanije", "type": "text"}, {"id": "Grad ili op\u0107ina", "type": "text"}, {"id": "Ime grada/op\u0107ine", "type": "text"}, {"id": "Ukupno", "type": "numeric"}, {"id": "Ukupno, %", "type": "numeric"}, {"id": "Hrvati", "type": "numeric"}, {"id": "Hrvati, %", "type": "numeric"}, {"id": "Albanci", "type": "text"}, {"id": "Albanci, %", "type": "text"}, {"id": "Austrijanci", "type": "text"}, {"id": "Austrijanci, %", "type": "text"}, {"id": "Bo\u0161njaci", "type": "text"}, {"id": "Bo\u0161njaci, %", "type": "text"}, {"id": "Bugari", "type": "text"}, {"id": "Bugari, %", "type": "text"}, {"id": "Crnogorci", "type": "text"}, {"id": "Crnogorci, %", "type": "text"}, {"id": "\u010cesi", "type": "text"}, {"id": "\u010cesi, %", "type": "text"}, {"id": "Ma\u0111ari", "type": "text"}, {"id": "Ma\u0111ari, %", "type": "text"}, {"id": "Makedonci", "type": "text"}, {"id": "Makedonci, %", "type": "text"}, {"id": "Nijemci", "type": "text"}, {"id": "Nijemci, %", "type": "text"}, {"id": "Poljaci", "type": "text"}, {"id": "Poljaci, %", "type": "text"}, {"id": "Romi", "type": "text"}, {"id": "Romi, %", "type": "text"}, {"id": "Rumunji", "type": "text"}, {"id": "Rumunji, %", "type": "text"}, {"id": "Rusi", "type": "text"}, {"id": "Rusi, %", "type": "text"}, {"id": "Rusini", "type": "text"}, {"id": "Rusini, %", "type": "text"}, {"id": "Slovaci", "type": "text"}, {"id": "Slovaci, %", "type": "text"}, {"id": "Slovenci", "type": "text"}, {"id": "Slovenci, %", "type": "text"}, {"id": "Srbi", "type": "text"}, {"id": "Srbi, %", "type": "text"}, {"id": "Talijani", "type": "text"}, {"id": "Talijani, %", "type": "text"}, {"id": "Turci", "type": "text"}, {"id": "Turci, %", "type": "text"}, {"id": "Ukrajinci", "type": "text"}, {"id": "Ukrajinci, %", "type": "text"}, {"id": "Vlasi", "type": "text"}, {"id": "Vlasi, %", "type": "text"}, {"id": "\u017didovi", "type": "text"}, {"id": "\u017didovi, %", "type": "text"}, {"id": "Ostali", "type": "text"}, {"id": "Ostali, %", "type": "text"}, {"id": "Regionalna pripadnost", "type": "text"}, {"id": "Regionalna pripadnost, %", "type": "text"}, {"id": "Izjasnili se u smislu vjerske pripadnosti", "type": "text"}, {"id": "Izjasnili se u smislu vjerske pripadnosti, %", "type": "text"}, {"id": "Neraspore\u0111eno", "type": "text"}, {"id": "Neraspore\u0111eno, %", "type": "text"}, {"id": "Ne izja\u0161njavaju se", "type": "text"}, {"id": "Ne izja\u0161njavaju se, %", "type": "text"}, {"id": "Nepoznato", "type": "text"}, {"id": "Nepoznato, %", "type": "text"}], "_links": {"start": "/api/3/action/datastore_search?resource_id=5edb0b67-16e9-4216-acaf-727b0f044038", "next": "/api/3/action/datastore_search?resource_id=5edb0b67-16e9-4216-acaf-727b0f044038&offset=100"}, "total": 594, "total_was_estimated": false}}